{"id":32210,"date":"2019-05-04T18:01:34","date_gmt":"2019-05-04T22:01:34","guid":{"rendered":"https:\/\/linitiative.ca\/International\/assises-de-la-fiscalite-voici-les-principales-recommandations\/"},"modified":"2019-05-04T18:01:34","modified_gmt":"2019-05-04T22:01:34","slug":"assises-de-la-fiscalite-voici-les-principales-recommandations","status":"publish","type":"post","link":"https:\/\/linitiative.ca\/International\/assises-de-la-fiscalite-voici-les-principales-recommandations\/","title":{"rendered":"Assises de la fiscalit\u00e9\u00a0: Voici les principales recommandations"},"content":{"rendered":"<p>Le rideau est tomb\u00e9 sur les <strong>3\u00e8mes Assises de la fiscalit\u00e9<\/strong> tenues du 3 au 4 mai \u00e0 Skhirat. Deux jours d\u2019intenses d\u00e9bats et de discussions qui ont abouti \u00e0 des recommandations qui impacteront forc\u00e9ment la fiscalit\u00e9 marocaine pour bien des ann\u00e9es. Dans les d\u00e9tails, plus de 90 <strong>recommandations<\/strong> ont figur\u00e9 dans le document final pr\u00e9sent\u00e9.<\/p>\n<div class=\"c10\"\/>\n<p>Mohamed Bencha\u00e2boun, Ministre de l\u2019\u00c9conomie et des Finances, lors de son discours cl\u00f4turant cette troisi\u00e8me \u00e9dition des Assises de la fiscalit\u00e9 a assur\u00e9 que le gouvernement et toutes les parties prenantes vont s\u2019atteler imm\u00e9diatement \u00e0 pr\u00e9parer un <strong>projet de loi cadre<\/strong> qui va donner corps et sens au travail accompli et ainsi constitu\u00e9 le r\u00e9f\u00e9rentiel des loi de Finances des 5 prochaines ann\u00e9es. Le ministre a notamment list\u00e9 quelques 10 <strong>mesures \u00e0 forte port\u00e9e<\/strong> parmi la batterie de recommandations et qui seront mises en \u0153uvre rapidement. Il s\u2019agit de\u00a0:<\/p>\n<p>1\/R\u00e9am\u00e9nager le bar\u00e8me de l\u2019IR au fur et \u00e0 mesure de l\u2019\u00e9largissement d\u2019assiette de cet imp\u00f4t et l\u2019am\u00e9lioration de la part de l\u2019IR professionnel pour soutenir nos concitoyens \u00e0 bas revenu et les classes moyennes.<\/p>\n<p>2\/ Consacrer d\u00e9finitivement la neutralit\u00e9 de la TVA par la suppression de l\u2019effet du butoir.<\/p>\n<p>3\/ Augmenter le taux marginal des activit\u00e9s \u00e9conomiques prot\u00e9g\u00e9es.<\/p>\n<p>4\/ Normaliser les r\u00e9gimes pr\u00e9f\u00e9rentiels appliqu\u00e9s \u00e0 l\u2019export, aux ZFE et \u00e0 la CFC.<\/p>\n<p>5\/ Abandonner la cotisation minimale en fonction du retour \u00e0 la conformit\u00e9 des d\u00e9ficitaires chroniques.<\/p>\n<p>6\/ Simplifier la fiscalit\u00e9 locale et harmoniser ses bases d\u2019imposition et ses proc\u00e9dures avec la fiscalit\u00e9 de l\u2019Etat, notamment pour la taxe professionnelle pour enlever tout frottement \u00e0 l\u2019investissement, et int\u00e9grer la fiscalit\u00e9 de l\u2019Etat, la fiscalit\u00e9 locale et la parafiscalit\u00e9 dans un seul code g\u00e9n\u00e9ral des imp\u00f4ts.<\/p>\n<p>7\/ Renforcer les droits des contribuables dans un souci d\u2019\u00e9quilibre entre les droits et les obligations.<\/p>\n<p>8\/ Consolider l\u2019effort de modernisation de l\u2019administration fiscale par le parach\u00e8vement de la d\u00e9mat\u00e9rialisation, la professionnalisation des m\u00e9tiers et la promotion des valeurs d\u2019\u00e9thique et de transparence.<\/p>\n<p>9\/ Prise en consid\u00e9ration de la demande de baisse du taux marginal de l\u2019IS pour certains secteurs afin de dynamiser la cr\u00e9ation d\u2019emplois et de favoriser l\u2019innovation.<\/p>\n<p>Mohamed Bencha\u00e2boun a estim\u00e9 que pour accompagner ces <strong>r\u00e9formes<\/strong>, il est n\u00e9cessaire d\u2019engager une campagne d\u2019information et vulgarisation aupr\u00e8s de l\u2019ensemble des <strong>contribuables<\/strong> sur le r\u00f4le de l\u2019imp\u00f4t dans l\u2019\u00e9dification d\u2019une soci\u00e9t\u00e9 solidaire et \u00e9quitable.<\/p>\n<div class=\"c17\">\n<fieldset class=\"c16\">\n<legend><strong><span class=\"c11\">Challenge<\/span><span class=\"c12\">news<\/span><\/strong><\/legend>\n<div class=\"c15\">Le meilleur de la r\u00e9daction s\u00e9lectionn\u00e9 par Challenge :<\/p>\n<\/div>\n<\/fieldset>\n<\/div>\n<p>Auteur: Roland Amoussou<br \/>\n<a href=\"https:\/\/www.challenge.ma\/assises-de-la-fiscalite-voici-les-principales-recommandations-108719\/\">Cliquez ici pour lire l&rsquo;article depuis sa source.<\/a><\/p>\n","protected":false},"excerpt":{"rendered":"<p>Le rideau est tomb\u00e9 sur les 3\u00e8mes Assises de la fiscalit\u00e9 tenues du 3 au 4 mai \u00e0 Skhirat. Deux jours d\u2019intenses d\u00e9bats et de discussions qui ont abouti \u00e0 des recommandations qui impacteront forc\u00e9ment la fiscalit\u00e9 marocaine pour bien des ann\u00e9es. Dans les d\u00e9tails, plus de 90 recommandations ont figur\u00e9 dans le document final [&hellip;]<\/p>\n","protected":false},"author":1787,"featured_media":0,"comment_status":"closed","ping_status":"closed","sticky":false,"template":"","format":"standard","meta":{"fifu_image_url":"","fifu_image_alt":"","footnotes":""},"categories":[78,54],"tags":[],"class_list":["post-32210","post","type-post","status-publish","format-standard","hentry","category-economie","category-maroc"],"_links":{"self":[{"href":"https:\/\/linitiative.ca\/International\/wp-json\/wp\/v2\/posts\/32210","targetHints":{"allow":["GET"]}}],"collection":[{"href":"https:\/\/linitiative.ca\/International\/wp-json\/wp\/v2\/posts"}],"about":[{"href":"https:\/\/linitiative.ca\/International\/wp-json\/wp\/v2\/types\/post"}],"author":[{"embeddable":true,"href":"https:\/\/linitiative.ca\/International\/wp-json\/wp\/v2\/users\/1787"}],"replies":[{"embeddable":true,"href":"https:\/\/linitiative.ca\/International\/wp-json\/wp\/v2\/comments?post=32210"}],"version-history":[{"count":0,"href":"https:\/\/linitiative.ca\/International\/wp-json\/wp\/v2\/posts\/32210\/revisions"}],"wp:attachment":[{"href":"https:\/\/linitiative.ca\/International\/wp-json\/wp\/v2\/media?parent=32210"}],"wp:term":[{"taxonomy":"category","embeddable":true,"href":"https:\/\/linitiative.ca\/International\/wp-json\/wp\/v2\/categories?post=32210"},{"taxonomy":"post_tag","embeddable":true,"href":"https:\/\/linitiative.ca\/International\/wp-json\/wp\/v2\/tags?post=32210"}],"curies":[{"name":"wp","href":"https:\/\/api.w.org\/{rel}","templated":true}]}}