{"id":32212,"date":"2019-05-04T18:45:37","date_gmt":"2019-05-04T22:45:37","guid":{"rendered":"https:\/\/linitiative.ca\/International\/tunisie-urgent-sidi-ali-ben-aoun-lidentite-des-deux-terroristes-abattus\/"},"modified":"2019-05-04T18:45:37","modified_gmt":"2019-05-04T22:45:37","slug":"tunisie-urgent-sidi-ali-ben-aoun-lidentite-des-deux-terroristes-abattus","status":"publish","type":"post","link":"https:\/\/linitiative.ca\/International\/tunisie-urgent-sidi-ali-ben-aoun-lidentite-des-deux-terroristes-abattus\/","title":{"rendered":"Tunisie \u2013 URGENT\u00a0: Sidi Ali Ben Aoun\u00a0: L\u2019identit\u00e9 des deux terroristes abattus"},"content":{"rendered":"<div class=\"post-cont-in left relative\">\n<p>Les forces sp\u00e9ciales du district de Sidi Bouzid, et des brigades centrales, ont tendu un pi\u00e8ge, \u00e0 Sidi Ali Ben Aoun, \u00e0 des \u00e9l\u00e9ments terroristes qui devaient descendre de la montagne pour se ravitailler.<\/p>\n<p>L\u2019accrochage avec ces \u00e9l\u00e9ments terroristes a permis d\u2019abattre deux individus. Il s\u2019agit de\u00a0Hatem et Mohamed Bazdouri.<\/p>\n<div class=\"code-block code-block-1 c3\"><ins class=\"adsbygoogle c2\" data-ad-layout=\"in-article\" data-ad-format=\"fluid\" data-ad-client=\"ca-pub-2102118777505746\" data-ad-slot=\"7301775417\"\/> <\/div>\n<div class=\"mvp-org-wrap mvp-org-logo\" itemprop=\"publisher\" itemscope=\"\" itemtype=\"https:\/\/schema.org\/Organization\"><img decoding=\"async\" src=\"https:\/\/www.tunisienumerique.com\/wp-content\/uploads\/2017\/02\/logo_tunisie_numerique.png\"\/><\/div>\n<div class=\"mvp-related-posts left relative\">\n<h4 class=\"post-header\"><span class=\"post-header\">Lire aussi<\/span><\/h4>\n<\/div>\n<\/div>\n<p>Auteur: LM<br \/>\n<a href=\"https:\/\/www.tunisienumerique.com\/tunisie-urgent-sidi-ali-ben-aoun-lidentite-des-deux-terroristes-abattus\/\">Cliquez ici pour lire l&rsquo;article depuis sa source.<\/a><\/p>\n","protected":false},"excerpt":{"rendered":"<p>Les forces sp\u00e9ciales du district de Sidi Bouzid, et des brigades centrales, ont tendu un pi\u00e8ge, \u00e0 Sidi Ali Ben Aoun, \u00e0 des \u00e9l\u00e9ments terroristes qui devaient descendre de la montagne pour se ravitailler. L\u2019accrochage avec ces \u00e9l\u00e9ments terroristes a permis d\u2019abattre deux individus. Il s\u2019agit de\u00a0Hatem et Mohamed Bazdouri. Lire aussi Auteur: LM Cliquez [&hellip;]<\/p>\n","protected":false},"author":1789,"featured_media":32213,"comment_status":"closed","ping_status":"closed","sticky":false,"template":"","format":"standard","meta":{"fifu_image_url":"","fifu_image_alt":"","footnotes":""},"categories":[73,55],"tags":[],"class_list":["post-32212","post","type-post","status-publish","format-standard","has-post-thumbnail","hentry","category-actualite","category-tunisie"],"_links":{"self":[{"href":"https:\/\/linitiative.ca\/International\/wp-json\/wp\/v2\/posts\/32212","targetHints":{"allow":["GET"]}}],"collection":[{"href":"https:\/\/linitiative.ca\/International\/wp-json\/wp\/v2\/posts"}],"about":[{"href":"https:\/\/linitiative.ca\/International\/wp-json\/wp\/v2\/types\/post"}],"author":[{"embeddable":true,"href":"https:\/\/linitiative.ca\/International\/wp-json\/wp\/v2\/users\/1789"}],"replies":[{"embeddable":true,"href":"https:\/\/linitiative.ca\/International\/wp-json\/wp\/v2\/comments?post=32212"}],"version-history":[{"count":0,"href":"https:\/\/linitiative.ca\/International\/wp-json\/wp\/v2\/posts\/32212\/revisions"}],"wp:featuredmedia":[{"embeddable":true,"href":"https:\/\/linitiative.ca\/International\/wp-json\/"}],"wp:attachment":[{"href":"https:\/\/linitiative.ca\/International\/wp-json\/wp\/v2\/media?parent=32212"}],"wp:term":[{"taxonomy":"category","embeddable":true,"href":"https:\/\/linitiative.ca\/International\/wp-json\/wp\/v2\/categories?post=32212"},{"taxonomy":"post_tag","embeddable":true,"href":"https:\/\/linitiative.ca\/International\/wp-json\/wp\/v2\/tags?post=32212"}],"curies":[{"name":"wp","href":"https:\/\/api.w.org\/{rel}","templated":true}]}}