{"id":32214,"date":"2019-05-04T18:55:18","date_gmt":"2019-05-04T22:55:18","guid":{"rendered":"https:\/\/linitiative.ca\/International\/tunisie-derniere-minute-sidi-ali-ben-aoun-un-troisieme-terroriste-abattu\/"},"modified":"2019-05-04T18:55:18","modified_gmt":"2019-05-04T22:55:18","slug":"tunisie-derniere-minute-sidi-ali-ben-aoun-un-troisieme-terroriste-abattu","status":"publish","type":"post","link":"https:\/\/linitiative.ca\/International\/tunisie-derniere-minute-sidi-ali-ben-aoun-un-troisieme-terroriste-abattu\/","title":{"rendered":"Tunisie \u2013 DERNIERE MINUTE\u00a0: Sidi Ali Ben Aoun\u00a0: un troisi\u00e8me terroriste abattu"},"content":{"rendered":"<div class=\"post-cont-in left relative\">\n<p>Les forces de l\u2019ordre participant \u00e0 l\u2019accrochage arm\u00e9 avec des \u00e9l\u00e9ments terroristes \u00e0 Sidi Ali Ben Aoun, viennent d\u2019abattre un troisi\u00e8me terroriste, dont l\u2019identit\u00e9 n\u2019a pas encore pu \u00eatre \u00e9tablie.<\/p>\n<div class=\"mvp-org-wrap mvp-org-logo\" itemprop=\"publisher\" itemscope=\"\" itemtype=\"https:\/\/schema.org\/Organization\"><img decoding=\"async\" src=\"https:\/\/www.tunisienumerique.com\/wp-content\/uploads\/2017\/02\/logo_tunisie_numerique.png\"\/><\/div>\n<div class=\"mvp-related-posts left relative\">\n<h4 class=\"post-header\"><span class=\"post-header\">Lire aussi<\/span><\/h4>\n<\/div>\n<\/div>\n<p>Auteur: LM<br \/>\n<a href=\"https:\/\/www.tunisienumerique.com\/tunisie-derniere-minute-sidi-ali-ben-aoun-un-troisieme-terroriste-abattu\/\">Cliquez ici pour lire l&rsquo;article depuis sa source.<\/a><\/p>\n","protected":false},"excerpt":{"rendered":"<p>Les forces de l\u2019ordre participant \u00e0 l\u2019accrochage arm\u00e9 avec des \u00e9l\u00e9ments terroristes \u00e0 Sidi Ali Ben Aoun, viennent d\u2019abattre un troisi\u00e8me terroriste, dont l\u2019identit\u00e9 n\u2019a pas encore pu \u00eatre \u00e9tablie. Lire aussi Auteur: LM Cliquez ici pour lire l&rsquo;article depuis sa source.<\/p>\n","protected":false},"author":1789,"featured_media":32215,"comment_status":"closed","ping_status":"closed","sticky":false,"template":"","format":"standard","meta":{"fifu_image_url":"","fifu_image_alt":"","footnotes":""},"categories":[73,55],"tags":[],"class_list":["post-32214","post","type-post","status-publish","format-standard","has-post-thumbnail","hentry","category-actualite","category-tunisie"],"_links":{"self":[{"href":"https:\/\/linitiative.ca\/International\/wp-json\/wp\/v2\/posts\/32214","targetHints":{"allow":["GET"]}}],"collection":[{"href":"https:\/\/linitiative.ca\/International\/wp-json\/wp\/v2\/posts"}],"about":[{"href":"https:\/\/linitiative.ca\/International\/wp-json\/wp\/v2\/types\/post"}],"author":[{"embeddable":true,"href":"https:\/\/linitiative.ca\/International\/wp-json\/wp\/v2\/users\/1789"}],"replies":[{"embeddable":true,"href":"https:\/\/linitiative.ca\/International\/wp-json\/wp\/v2\/comments?post=32214"}],"version-history":[{"count":0,"href":"https:\/\/linitiative.ca\/International\/wp-json\/wp\/v2\/posts\/32214\/revisions"}],"wp:featuredmedia":[{"embeddable":true,"href":"https:\/\/linitiative.ca\/International\/wp-json\/"}],"wp:attachment":[{"href":"https:\/\/linitiative.ca\/International\/wp-json\/wp\/v2\/media?parent=32214"}],"wp:term":[{"taxonomy":"category","embeddable":true,"href":"https:\/\/linitiative.ca\/International\/wp-json\/wp\/v2\/categories?post=32214"},{"taxonomy":"post_tag","embeddable":true,"href":"https:\/\/linitiative.ca\/International\/wp-json\/wp\/v2\/tags?post=32214"}],"curies":[{"name":"wp","href":"https:\/\/api.w.org\/{rel}","templated":true}]}}