{"id":32216,"date":"2019-05-05T00:59:31","date_gmt":"2019-05-05T04:59:31","guid":{"rendered":"https:\/\/linitiative.ca\/International\/international-nice-atal-une-nouvelle-fois-intenable-face-au-psg-video\/"},"modified":"2019-05-05T00:59:31","modified_gmt":"2019-05-05T04:59:31","slug":"international-nice-atal-une-nouvelle-fois-intenable-face-au-psg-video","status":"publish","type":"post","link":"https:\/\/linitiative.ca\/International\/international-nice-atal-une-nouvelle-fois-intenable-face-au-psg-video\/","title":{"rendered":"International : Nice : Atal une nouvelle fois intenable face au PSG (Vid\u00e9o)"},"content":{"rendered":"<div readability=\"32\">\n<p>Auteur : <span class=\"time\">samedi 04 mai 2019 19:54<\/span><\/p>\n<\/div>\n<div id=\"post_core\" readability=\"38\">\n<p>Encore une fois intenable face au PSG, Youcef Atal a \u00e9t\u00e9 \u00e0 l&rsquo;origine des meilleures occasions de son \u00e9quipe et a provoqu\u00e9 un nombre incalculable de fautes. Apr\u00e8s son tripl\u00e9 face \u00e0 Guingamp la semaine derni\u00e8re, l&rsquo;international alg\u00e9rien a encore \u00e9t\u00e9 virevoltant sur son aile droite o\u00f9 il a litt\u00e9ralement fait souffrir Bernat. Il aurait m\u00eame pu \u00eatre passeur d\u00e9cisif pour Saint-Maximin, qui a trouv\u00e9 la barre \u00e0 bout portant (58e).<\/p>\n<p><iframe loading=\"lazy\" allow=\"accelerometer; autoplay; encrypted-media; gyroscope; picture-in-picture\" allowfullscreen=\"\" frameborder=\"0\" height=\"315\" src=\"https:\/\/www.youtube.com\/embed\/5NSDzkW5vW4\" width=\"560\">[embedded content]<\/iframe><\/p>\n<p><iframe loading=\"lazy\" allow=\"accelerometer; autoplay; encrypted-media; gyroscope; picture-in-picture\" allowfullscreen=\"\" frameborder=\"0\" height=\"315\" src=\"https:\/\/www.youtube.com\/embed\/BH_tja_B48o\" width=\"560\">[embedded content]<\/iframe><\/p>\n<p>\u00a0<\/p>\n<p><strong>Publi\u00e9 dans :<\/strong> <span>Atal<\/span><\/p>\n<\/div>\n<p>Auteur:<br \/>\n<a href=\"http:\/\/www.lebuteur.com\/article\/detail?titre=nice-atal-une-nouvelle-fois-intenable-face-au-psg-video&#038;id=88513&#038;utm_source=feedburner&#038;utm_medium=feed&#038;utm_campaign=Feed%3A+GalerieFArtciles+%28Les+derniers+articles++-+lebuteur.com%29\">Cliquez ici pour lire l&rsquo;article depuis sa source.<\/a><\/p>\n","protected":false},"excerpt":{"rendered":"<p>Auteur : samedi 04 mai 2019 19:54 Encore une fois intenable face au PSG, Youcef Atal a \u00e9t\u00e9 \u00e0 l&rsquo;origine des meilleures occasions de son \u00e9quipe et a provoqu\u00e9 un nombre incalculable de fautes. Apr\u00e8s son tripl\u00e9 face \u00e0 Guingamp la semaine derni\u00e8re, l&rsquo;international alg\u00e9rien a encore \u00e9t\u00e9 virevoltant sur son aile droite o\u00f9 il [&hellip;]<\/p>\n","protected":false},"author":1738,"featured_media":32217,"comment_status":"closed","ping_status":"closed","sticky":false,"template":"","format":"standard","meta":{"fifu_image_url":"","fifu_image_alt":"","footnotes":""},"categories":[53,75],"tags":[],"class_list":["post-32216","post","type-post","status-publish","format-standard","has-post-thumbnail","hentry","category-algerie","category-sport"],"_links":{"self":[{"href":"https:\/\/linitiative.ca\/International\/wp-json\/wp\/v2\/posts\/32216","targetHints":{"allow":["GET"]}}],"collection":[{"href":"https:\/\/linitiative.ca\/International\/wp-json\/wp\/v2\/posts"}],"about":[{"href":"https:\/\/linitiative.ca\/International\/wp-json\/wp\/v2\/types\/post"}],"author":[{"embeddable":true,"href":"https:\/\/linitiative.ca\/International\/wp-json\/wp\/v2\/users\/1738"}],"replies":[{"embeddable":true,"href":"https:\/\/linitiative.ca\/International\/wp-json\/wp\/v2\/comments?post=32216"}],"version-history":[{"count":0,"href":"https:\/\/linitiative.ca\/International\/wp-json\/wp\/v2\/posts\/32216\/revisions"}],"wp:featuredmedia":[{"embeddable":true,"href":"https:\/\/linitiative.ca\/International\/wp-json\/"}],"wp:attachment":[{"href":"https:\/\/linitiative.ca\/International\/wp-json\/wp\/v2\/media?parent=32216"}],"wp:term":[{"taxonomy":"category","embeddable":true,"href":"https:\/\/linitiative.ca\/International\/wp-json\/wp\/v2\/categories?post=32216"},{"taxonomy":"post_tag","embeddable":true,"href":"https:\/\/linitiative.ca\/International\/wp-json\/wp\/v2\/tags?post=32216"}],"curies":[{"name":"wp","href":"https:\/\/api.w.org\/{rel}","templated":true}]}}