{"id":32218,"date":"2019-05-05T00:59:32","date_gmt":"2019-05-05T04:59:32","guid":{"rendered":"https:\/\/linitiative.ca\/International\/pros-ligue-des-champions-africaine-belaili-et-lesperance-tunis-se-qualifient-pour-une-2eme-finale-de-suite\/"},"modified":"2019-05-05T00:59:32","modified_gmt":"2019-05-05T04:59:32","slug":"pros-ligue-des-champions-africaine-belaili-et-lesperance-tunis-se-qualifient-pour-une-2eme-finale-de-suite","status":"publish","type":"post","link":"https:\/\/linitiative.ca\/International\/pros-ligue-des-champions-africaine-belaili-et-lesperance-tunis-se-qualifient-pour-une-2eme-finale-de-suite\/","title":{"rendered":"Pros : Ligue des champions africaine : Belaili et l&rsquo;Esp\u00e9rance Tunis se qualifient pour une 2\u00e8me finale de suite"},"content":{"rendered":"<div readability=\"32\">\n<p>Auteur : <span class=\"time\">samedi 04 mai 2019 20:07<\/span><\/p>\n<\/div>\n<div id=\"post_core\" readability=\"42\">\n<p>Tous deux vainqueurs au match \u00e0 l\u2019aller, les Tunisois et le club de Casablanca se sont content\u00e9s d\u2019un r\u00e9sultat 0-0 \u00e0 l\u2019ext\u00e9rieur, respectivement contre le TP Mazembe et les Mamelodi Sundowns.<\/p>\n<p>La finale aller est programm\u00e9e le 24 mai, \u00e0 Rabat (o\u00f9 \u00e9volue le WAC depuis quelques mois), et le retour se tiendra le 31, au Stade Olympique de Rad\u00e8s (dans la banlieue de Tunis).<\/p>\n<p><strong>Publi\u00e9 dans :<\/strong> <span>Bela\u00efli<\/span><\/p>\n<\/div>\n<p>Auteur:<br \/>\n<a href=\"http:\/\/www.lebuteur.com\/article\/detail?titre=ligue-des-champions-africaine-belaili-et-lesperance-tunis-se-qualifient-pour-une-2eme-finale-de-suite&#038;id=88514&#038;utm_source=feedburner&#038;utm_medium=feed&#038;utm_campaign=Feed%3A+GalerieFArtciles+%28Les+derniers+articles++-+lebuteur.com%29\">Cliquez ici pour lire l&rsquo;article depuis sa source.<\/a><\/p>\n","protected":false},"excerpt":{"rendered":"<p>Auteur : samedi 04 mai 2019 20:07 Tous deux vainqueurs au match \u00e0 l\u2019aller, les Tunisois et le club de Casablanca se sont content\u00e9s d\u2019un r\u00e9sultat 0-0 \u00e0 l\u2019ext\u00e9rieur, respectivement contre le TP Mazembe et les Mamelodi Sundowns. La finale aller est programm\u00e9e le 24 mai, \u00e0 Rabat (o\u00f9 \u00e9volue le WAC depuis quelques mois), [&hellip;]<\/p>\n","protected":false},"author":1738,"featured_media":32219,"comment_status":"closed","ping_status":"closed","sticky":false,"template":"","format":"standard","meta":{"fifu_image_url":"","fifu_image_alt":"","footnotes":""},"categories":[53,75],"tags":[],"class_list":["post-32218","post","type-post","status-publish","format-standard","has-post-thumbnail","hentry","category-algerie","category-sport"],"_links":{"self":[{"href":"https:\/\/linitiative.ca\/International\/wp-json\/wp\/v2\/posts\/32218","targetHints":{"allow":["GET"]}}],"collection":[{"href":"https:\/\/linitiative.ca\/International\/wp-json\/wp\/v2\/posts"}],"about":[{"href":"https:\/\/linitiative.ca\/International\/wp-json\/wp\/v2\/types\/post"}],"author":[{"embeddable":true,"href":"https:\/\/linitiative.ca\/International\/wp-json\/wp\/v2\/users\/1738"}],"replies":[{"embeddable":true,"href":"https:\/\/linitiative.ca\/International\/wp-json\/wp\/v2\/comments?post=32218"}],"version-history":[{"count":0,"href":"https:\/\/linitiative.ca\/International\/wp-json\/wp\/v2\/posts\/32218\/revisions"}],"wp:featuredmedia":[{"embeddable":true,"href":"https:\/\/linitiative.ca\/International\/wp-json\/"}],"wp:attachment":[{"href":"https:\/\/linitiative.ca\/International\/wp-json\/wp\/v2\/media?parent=32218"}],"wp:term":[{"taxonomy":"category","embeddable":true,"href":"https:\/\/linitiative.ca\/International\/wp-json\/wp\/v2\/categories?post=32218"},{"taxonomy":"post_tag","embeddable":true,"href":"https:\/\/linitiative.ca\/International\/wp-json\/wp\/v2\/tags?post=32218"}],"curies":[{"name":"wp","href":"https:\/\/api.w.org\/{rel}","templated":true}]}}