{"id":32220,"date":"2019-05-05T00:59:33","date_gmt":"2019-05-05T04:59:33","guid":{"rendered":"https:\/\/linitiative.ca\/International\/pros-nice-atal-face-au-psg-on-a-manque-de-reussite-en-attaque\/"},"modified":"2019-05-05T00:59:33","modified_gmt":"2019-05-05T04:59:33","slug":"pros-nice-atal-face-au-psg-on-a-manque-de-reussite-en-attaque","status":"publish","type":"post","link":"https:\/\/linitiative.ca\/International\/pros-nice-atal-face-au-psg-on-a-manque-de-reussite-en-attaque\/","title":{"rendered":"Pros : Nice &#8211; Atal : \u00ab\u00a0Face au PSG, on a manqu\u00e9 de r\u00e9ussite en attaque\u00a0\u00bb"},"content":{"rendered":"<div readability=\"32\">\n<p>Auteur : <span class=\"time\">samedi 04 mai 2019 20:27<\/span><\/p>\n<\/div>\n<div id=\"post_core\" readability=\"46\">\n<p>Et alors que le score \u00e9tait de 1-0 en faveur des Ni\u00e7ois, Atal effectuait un num\u00e9ro c\u00f4t\u00e9 droit. Il mettait Bernat par terre et envoyait un centre parfait pour Saint-Maximin, qui n\u2019avait plus qu\u2019\u00e0 pousser le ballon au fond. Probl\u00e8me, l\u2019international Espoirs catapultait le cuir sur la barre (58e) avant que le PSG n&rsquo;\u00e9galise 4 minutes plus tard. A l&rsquo;issue de la rencontre, l&rsquo;international alg\u00e9rien a d\u00e9plor\u00e9 ce manque de r\u00e9ussite en attaque :<\/p>\n<p>\u00ab\u00a0Je pense qu&rsquo;on a fait un bon match, sauf qu&rsquo;on a un peu manqu\u00e9 de r\u00e9ussite en attaque. C&rsquo;est une rencontre qu&rsquo;on aurait pu remporter, mais il y a eu deux penaltys pour le PSG et je ne sais pas trop si ils \u00e9taient valables ou pas. Il faut qu&rsquo;on continue comme \u00e7a. On doit travailler et ne rien l\u00e2cher d&rsquo;ici la fin de saison. On verra bien ce que cette derni\u00e8re nous r\u00e9serve\u00a0\u00bb.<\/p>\n<p><strong>Publi\u00e9 dans :<\/strong> <span>Atal<\/span><\/p>\n<\/div>\n<p>Auteur:<br \/>\n<a href=\"http:\/\/www.lebuteur.com\/article\/detail?titre=nice-atal-face-au-psg-on-a-manque-de-reussite-en-attaque&#038;id=88515&#038;utm_source=feedburner&#038;utm_medium=feed&#038;utm_campaign=Feed%3A+GalerieFArtciles+%28Les+derniers+articles++-+lebuteur.com%29\">Cliquez ici pour lire l&rsquo;article depuis sa source.<\/a><\/p>\n","protected":false},"excerpt":{"rendered":"<p>Auteur : samedi 04 mai 2019 20:27 Et alors que le score \u00e9tait de 1-0 en faveur des Ni\u00e7ois, Atal effectuait un num\u00e9ro c\u00f4t\u00e9 droit. Il mettait Bernat par terre et envoyait un centre parfait pour Saint-Maximin, qui n\u2019avait plus qu\u2019\u00e0 pousser le ballon au fond. Probl\u00e8me, l\u2019international Espoirs catapultait le cuir sur la barre [&hellip;]<\/p>\n","protected":false},"author":1738,"featured_media":32222,"comment_status":"closed","ping_status":"closed","sticky":false,"template":"","format":"standard","meta":{"fifu_image_url":"","fifu_image_alt":"","footnotes":""},"categories":[53,75],"tags":[],"class_list":["post-32220","post","type-post","status-publish","format-standard","has-post-thumbnail","hentry","category-algerie","category-sport"],"_links":{"self":[{"href":"https:\/\/linitiative.ca\/International\/wp-json\/wp\/v2\/posts\/32220","targetHints":{"allow":["GET"]}}],"collection":[{"href":"https:\/\/linitiative.ca\/International\/wp-json\/wp\/v2\/posts"}],"about":[{"href":"https:\/\/linitiative.ca\/International\/wp-json\/wp\/v2\/types\/post"}],"author":[{"embeddable":true,"href":"https:\/\/linitiative.ca\/International\/wp-json\/wp\/v2\/users\/1738"}],"replies":[{"embeddable":true,"href":"https:\/\/linitiative.ca\/International\/wp-json\/wp\/v2\/comments?post=32220"}],"version-history":[{"count":0,"href":"https:\/\/linitiative.ca\/International\/wp-json\/wp\/v2\/posts\/32220\/revisions"}],"wp:featuredmedia":[{"embeddable":true,"href":"https:\/\/linitiative.ca\/International\/wp-json\/"}],"wp:attachment":[{"href":"https:\/\/linitiative.ca\/International\/wp-json\/wp\/v2\/media?parent=32220"}],"wp:term":[{"taxonomy":"category","embeddable":true,"href":"https:\/\/linitiative.ca\/International\/wp-json\/wp\/v2\/categories?post=32220"},{"taxonomy":"post_tag","embeddable":true,"href":"https:\/\/linitiative.ca\/International\/wp-json\/wp\/v2\/tags?post=32220"}],"curies":[{"name":"wp","href":"https:\/\/api.w.org\/{rel}","templated":true}]}}