{"id":32223,"date":"2019-05-05T00:59:34","date_gmt":"2019-05-05T04:59:34","guid":{"rendered":"https:\/\/linitiative.ca\/International\/pros-tahrat-revient-et-dissipe-les-doutes-avant-la-can\/"},"modified":"2019-05-05T00:59:34","modified_gmt":"2019-05-05T04:59:34","slug":"pros-tahrat-revient-et-dissipe-les-doutes-avant-la-can","status":"publish","type":"post","link":"https:\/\/linitiative.ca\/International\/pros-tahrat-revient-et-dissipe-les-doutes-avant-la-can\/","title":{"rendered":"Pros : Tahrat revient et dissipe les doutes avant la CAN !"},"content":{"rendered":"<div readability=\"32\">\n<p>Auteur : <span>Moumen A.<\/span> <span class=\"time\">samedi 04 mai 2019 20:37<\/span><\/p>\n<\/div>\n<div id=\"post_core\" readability=\"40\">\n<p>Comme annonc\u00e9,\u00a0 l\u2019Alg\u00e9rien Mehdi Tahrat est comp\u00e9titif. Ce samedi,\u00a0le d\u00e9fenseur central de l\u2019Equipe nationale a profit\u00e9 d\u2019un changement h\u00e2tif de son entraineur pour prendre part au pr\u00e9cieux succ\u00e8s du RC Lens contre Clermont Foot Auvergne. Les Sang et Or avaient r\u00e9ussi \u00e0 marquer \u00e0 dix minutes de la fin et ont pu aussi pr\u00e9server cet acquis jusqu\u2019au bout gr\u00e2ce notamment \u00e0 une prestation de tout premier ordre de Tahrat, rentr\u00e9 en jeu apr\u00e8s seulement 28 minutes en\u00a0 \u00e0 la place\u00a0 de son camarade Thierry Ambrose. Mehdi revient bien et rassure le coach Belmadi\u00a0 \u00e0 quelques jours de l&rsquo;annonce de la liste \u00a0pour la CAN 2019.\u00a0<\/p>\n<p><strong>Moumen A.\u00a0<\/strong><\/p>\n<p><strong>Publi\u00e9 dans :<\/strong> <span>Mehdi Jean Tahrat<\/span> <span>Mahdi Tahrat<\/span> <span>Djamel Belmadi .<\/span><\/p>\n<\/div>\n<p>Auteur:<br \/>\n<a href=\"http:\/\/www.lebuteur.com\/article\/detail?titre=tahrat-revient-et-dissipe-les-doutes-avant-la-can&#038;id=88516&#038;utm_source=feedburner&#038;utm_medium=feed&#038;utm_campaign=Feed%3A+GalerieFArtciles+%28Les+derniers+articles++-+lebuteur.com%29\">Cliquez ici pour lire l&rsquo;article depuis sa source.<\/a><\/p>\n","protected":false},"excerpt":{"rendered":"<p>Auteur : Moumen A. samedi 04 mai 2019 20:37 Comme annonc\u00e9,\u00a0 l\u2019Alg\u00e9rien Mehdi Tahrat est comp\u00e9titif. Ce samedi,\u00a0le d\u00e9fenseur central de l\u2019Equipe nationale a profit\u00e9 d\u2019un changement h\u00e2tif de son entraineur pour prendre part au pr\u00e9cieux succ\u00e8s du RC Lens contre Clermont Foot Auvergne. Les Sang et Or avaient r\u00e9ussi \u00e0 marquer \u00e0 dix minutes [&hellip;]<\/p>\n","protected":false},"author":1738,"featured_media":32226,"comment_status":"closed","ping_status":"closed","sticky":false,"template":"","format":"standard","meta":{"fifu_image_url":"","fifu_image_alt":"","footnotes":""},"categories":[53,75],"tags":[],"class_list":["post-32223","post","type-post","status-publish","format-standard","has-post-thumbnail","hentry","category-algerie","category-sport"],"_links":{"self":[{"href":"https:\/\/linitiative.ca\/International\/wp-json\/wp\/v2\/posts\/32223","targetHints":{"allow":["GET"]}}],"collection":[{"href":"https:\/\/linitiative.ca\/International\/wp-json\/wp\/v2\/posts"}],"about":[{"href":"https:\/\/linitiative.ca\/International\/wp-json\/wp\/v2\/types\/post"}],"author":[{"embeddable":true,"href":"https:\/\/linitiative.ca\/International\/wp-json\/wp\/v2\/users\/1738"}],"replies":[{"embeddable":true,"href":"https:\/\/linitiative.ca\/International\/wp-json\/wp\/v2\/comments?post=32223"}],"version-history":[{"count":0,"href":"https:\/\/linitiative.ca\/International\/wp-json\/wp\/v2\/posts\/32223\/revisions"}],"wp:featuredmedia":[{"embeddable":true,"href":"https:\/\/linitiative.ca\/International\/wp-json\/"}],"wp:attachment":[{"href":"https:\/\/linitiative.ca\/International\/wp-json\/wp\/v2\/media?parent=32223"}],"wp:term":[{"taxonomy":"category","embeddable":true,"href":"https:\/\/linitiative.ca\/International\/wp-json\/wp\/v2\/categories?post=32223"},{"taxonomy":"post_tag","embeddable":true,"href":"https:\/\/linitiative.ca\/International\/wp-json\/wp\/v2\/tags?post=32223"}],"curies":[{"name":"wp","href":"https:\/\/api.w.org\/{rel}","templated":true}]}}