{"id":32225,"date":"2019-05-04T19:00:00","date_gmt":"2019-05-04T23:00:00","guid":{"rendered":"https:\/\/linitiative.ca\/International\/universite-plus-de-110-000-nouveaux-etudiants\/"},"modified":"2019-05-04T19:00:00","modified_gmt":"2019-05-04T23:00:00","slug":"universite-plus-de-110-000-nouveaux-etudiants","status":"publish","type":"post","link":"https:\/\/linitiative.ca\/International\/universite-plus-de-110-000-nouveaux-etudiants\/","title":{"rendered":"Universit\u00e9 :  Plus de 110.000 nouveaux \u00e9tudiants"},"content":{"rendered":"<p>Les universit\u00e9s du pays devront accueillir plus de 110.000 nouveaux \u00e9tudiants, en pr\u00e9vision de la prochaine rentr\u00e9e universitaire 2019\/2020, a indiqu\u00e9, hier \u00e0 Alger, le ministre de l&rsquo;Enseignement sup\u00e9rieur et de la Recherche scientifique, Tayeb Bouzid. La nouvelle rentr\u00e9e universitaire conna\u00eetra \u00ab\u00a0une hausse\u00a0\u00bb du nombre des nouveaux \u00e9tudiants, soit plus de 110.000, a pr\u00e9cis\u00e9 le ministre, en marge\u00a0\u00a0 d&rsquo;une r\u00e9union de coordination, de concertation et d&rsquo;\u00e9valuation, tenue entre le minist\u00e8re de l&rsquo;Habitat, de l&rsquo;Urbanisme et de la Ville, celui de l&rsquo;Education nationale, celui de l&rsquo;Enseignement sup\u00e9rieur et celui de la Formation et de l&rsquo;Enseignement professionnels, en pr\u00e9paration de la\u00a0\u00a0 prochaine rentr\u00e9e sociale.<br \/>Les universit\u00e9s d&rsquo;Alger, dispensant des formations nationales et attirant des milliers d&rsquo;\u00e9tudiants, pourraient souffrir de la surcharge, ainsi que les universit\u00e9s de Khemis Miliana (w. Ain Defla), d&rsquo;El Oued, de M&rsquo;sila et les Centres universitaires d&rsquo;Ain T\u00e9mouchent et de Barika (w. Batna), a fait savoir le ministre. Pour M. Tayeb Bouzid, la prochaine rentr\u00e9e universitaire sera \u00ab\u00a0souple\u00a0\u00bb, gr\u00e2ce aux structures devant \u00eatre r\u00e9ceptionn\u00e9es, \u00e0 m\u00eame d&rsquo;assurer des places p\u00e9dagogiques et des cit\u00e9s universitaires. Les services du minist\u00e8re \u00ab\u00a0ne m\u00e9nagent aucun effort en vue d&rsquo;aplanir les difficult\u00e9s\u00a0\u00bb, a rassur\u00e9 le ministre, pour une rentr\u00e9e universitaire \u00ab\u00a0qui se d\u00e9roulera dans les meilleures conditions\u00a0\u00bb, et ce en coordination avec les walis de la R\u00e9publique et l&rsquo;ensemble des Autorit\u00e9s locales.\u00a0 \u00a0<br \/>S&rsquo;agissant des programmes de logement destin\u00e9s aux enseignants universitaires, M. Tayeb Bouzid a indiqu\u00e9 que son d\u00e9partement minist\u00e9riel \u0153uvrait \u00ab\u00a0d&rsquo;arrache-pied en vue de prendre en charge les pr\u00e9occupations des enseignants en la mati\u00e8re, afin de leur permettre d&rsquo;accomplir leurs missions dans les meilleures conditions\u00a0\u00bb. Pour sa part, le ministre de la Formation et de l&rsquo;Enseignement professionnels, Dada Moussa a affirm\u00e9 que la prochaine rentr\u00e9e professionnelle, pr\u00e9vue en septembre 2019, devrait se d\u00e9rouler dans \u00ab\u00a0de bonnes conditions\u00a0\u00bb, gr\u00e2ce \u00e0 la disponibilit\u00e9 des infrastructures p\u00e9dagogiques n\u00e9cessaires pour l\u2019accueil des nouveaux stagiaires, faisant \u00e9tat, \u00e0 ce titre, de la r\u00e9ception prochaine de 34 nouveaux \u00e9tablissements\u00a0\u00a0 de formation. Ces nouveaux \u00e9tablissements viendront s&rsquo;ajouter aux 709 \u00e9tablissements priv\u00e9s de formation, pour atteindre un total de 1998 \u00e9tablissements de formation r\u00e9partis sur l\u2019ensemble du territoire national, a-t-il soutenu.<br \/>La pr\u00e9paration de la prochaine rentr\u00e9e professionnelle qui se fait en coordination avec l\u2019ensemble des directeurs d\u2019\u00e9tablissements du secteur, se\u00a0\u00a0 d\u00e9roule dans de bonnes conditions, de fa\u00e7on \u00e0 parachever toutes les mesures d\u2019encadrement et de suivi des pr\u00e9paratifs au niveau des structures du secteur, a-t-il dit.<br \/>La rencontre de coordination, de concertation et d\u2019\u00e9valuation intervient apr\u00e8s la tenue, le 23 avril dernier, du conseil interminist\u00e9riel consacr\u00e9 au secteur de l&rsquo;Education nationale et \u00e0 la rentr\u00e9e scolaire, universitaire et celle de la formation professionnelle 2019-2020&Prime;, pr\u00e9sid\u00e9 par le Premier ministre, Noureddine Bedoui, pr\u00e9cise-t-on. Le Conseil interminist\u00e9riel a permis ainsi de \u00ab\u00a0faire le point sur les mesures prises et celles \u00e0 mettre en place, \u00e0 l&rsquo;effet d&rsquo;assurer le bon d\u00e9roulement des examens de fin d&rsquo;ann\u00e9e\u00a0\u00bb, \u00ab\u00a0de proc\u00e9der \u00e0 l&rsquo;examen de la situation pr\u00e9valant dans les trois secteurs en termes d&rsquo;effectifs et d&rsquo;infrastructures\u00a0\u00bb et \u00ab\u00a0d\u2019\u00e9valuer les moyens \u00e0 mettre en \u0153uvre en vue de couvrir leurs besoins croissants\u00a0\u00bb.<\/p>\n<p>Auteur: elmoudjahid<br \/>\n<a href=\"http:\/\/www.elmoudjahid.com\/fr\/actualites\/136574\">Cliquez ici pour lire l&rsquo;article depuis sa source.<\/a><\/p>\n","protected":false},"excerpt":{"rendered":"<p>Les universit\u00e9s du pays devront accueillir plus de 110.000 nouveaux \u00e9tudiants, en pr\u00e9vision de la prochaine rentr\u00e9e universitaire 2019\/2020, a indiqu\u00e9, hier \u00e0 Alger, le ministre de l&rsquo;Enseignement sup\u00e9rieur et de la Recherche scientifique, Tayeb Bouzid. La nouvelle rentr\u00e9e universitaire conna\u00eetra \u00ab\u00a0une hausse\u00a0\u00bb du nombre des nouveaux \u00e9tudiants, soit plus de 110.000, a pr\u00e9cis\u00e9 le [&hellip;]<\/p>\n","protected":false},"author":1744,"featured_media":0,"comment_status":"closed","ping_status":"closed","sticky":false,"template":"","format":"standard","meta":{"fifu_image_url":"","fifu_image_alt":"","footnotes":""},"categories":[73,53],"tags":[],"class_list":["post-32225","post","type-post","status-publish","format-standard","hentry","category-actualite","category-algerie"],"_links":{"self":[{"href":"https:\/\/linitiative.ca\/International\/wp-json\/wp\/v2\/posts\/32225","targetHints":{"allow":["GET"]}}],"collection":[{"href":"https:\/\/linitiative.ca\/International\/wp-json\/wp\/v2\/posts"}],"about":[{"href":"https:\/\/linitiative.ca\/International\/wp-json\/wp\/v2\/types\/post"}],"author":[{"embeddable":true,"href":"https:\/\/linitiative.ca\/International\/wp-json\/wp\/v2\/users\/1744"}],"replies":[{"embeddable":true,"href":"https:\/\/linitiative.ca\/International\/wp-json\/wp\/v2\/comments?post=32225"}],"version-history":[{"count":0,"href":"https:\/\/linitiative.ca\/International\/wp-json\/wp\/v2\/posts\/32225\/revisions"}],"wp:attachment":[{"href":"https:\/\/linitiative.ca\/International\/wp-json\/wp\/v2\/media?parent=32225"}],"wp:term":[{"taxonomy":"category","embeddable":true,"href":"https:\/\/linitiative.ca\/International\/wp-json\/wp\/v2\/categories?post=32225"},{"taxonomy":"post_tag","embeddable":true,"href":"https:\/\/linitiative.ca\/International\/wp-json\/wp\/v2\/tags?post=32225"}],"curies":[{"name":"wp","href":"https:\/\/api.w.org\/{rel}","templated":true}]}}