{"id":32227,"date":"2019-05-05T00:59:36","date_gmt":"2019-05-05T04:59:36","guid":{"rendered":"https:\/\/linitiative.ca\/International\/pros-nice-vieira-je-suis-vraiment-tres-content-de-youcef\/"},"modified":"2019-05-05T00:59:36","modified_gmt":"2019-05-05T04:59:36","slug":"pros-nice-vieira-je-suis-vraiment-tres-content-de-youcef","status":"publish","type":"post","link":"https:\/\/linitiative.ca\/International\/pros-nice-vieira-je-suis-vraiment-tres-content-de-youcef\/","title":{"rendered":"Pros : Nice &#8211; Vieira : \u00ab\u00a0Je suis vraiment tr\u00e8s content de Youcef\u00a0\u00bb"},"content":{"rendered":"<div readability=\"32\">\n<p>Auteur : <span class=\"time\">samedi 04 mai 2019 21:15<\/span><\/p>\n<\/div>\n<div id=\"post_core\" readability=\"44\">\n<p>Apr\u00e8s le match nul arrach\u00e9 \u00e0 Paris (1-1) ce samedi, le coach de l&rsquo;\u00e9quipe azur\u00e9enne a rendu hommage \u00e0 ses hommes et \u00e0 un joueur en particulier :<\/p>\n<p>\u00ab\u00a0Youcef, je suis vraiment tr\u00e8s content de lui. Il travaille \u00e9norm\u00e9ment, sur le terrain ou en dehors du terrain. Il va penser \u00e0 l&rsquo;\u00e9quipe avant de penser \u00e0 lui-m\u00eame, c&rsquo;est quelqu&rsquo;un qui a beaucoup d&rsquo;\u00e9nergie. Sur les derniers matches, il a \u00e9t\u00e9 capable de jouer arri\u00e8re droit comme ailier droit\u00a0\u00bb, a notamment louang\u00e9 Vieira en conf\u00e9rence de presse et comme le rapporte Goal.<\/p>\n<p><strong>Publi\u00e9 dans :<\/strong> <span>Nice<\/span><\/p>\n<\/div>\n<p>Auteur:<br \/>\n<a href=\"http:\/\/www.lebuteur.com\/article\/detail?titre=nice-vieira-je-suis-vraiment-tres-content-de-youcef&#038;id=88517&#038;utm_source=feedburner&#038;utm_medium=feed&#038;utm_campaign=Feed%3A+GalerieFArtciles+%28Les+derniers+articles++-+lebuteur.com%29\">Cliquez ici pour lire l&rsquo;article depuis sa source.<\/a><\/p>\n","protected":false},"excerpt":{"rendered":"<p>Auteur : samedi 04 mai 2019 21:15 Apr\u00e8s le match nul arrach\u00e9 \u00e0 Paris (1-1) ce samedi, le coach de l&rsquo;\u00e9quipe azur\u00e9enne a rendu hommage \u00e0 ses hommes et \u00e0 un joueur en particulier : \u00ab\u00a0Youcef, je suis vraiment tr\u00e8s content de lui. Il travaille \u00e9norm\u00e9ment, sur le terrain ou en dehors du terrain. Il [&hellip;]<\/p>\n","protected":false},"author":1738,"featured_media":32228,"comment_status":"closed","ping_status":"closed","sticky":false,"template":"","format":"standard","meta":{"fifu_image_url":"","fifu_image_alt":"","footnotes":""},"categories":[53,75],"tags":[],"class_list":["post-32227","post","type-post","status-publish","format-standard","has-post-thumbnail","hentry","category-algerie","category-sport"],"_links":{"self":[{"href":"https:\/\/linitiative.ca\/International\/wp-json\/wp\/v2\/posts\/32227","targetHints":{"allow":["GET"]}}],"collection":[{"href":"https:\/\/linitiative.ca\/International\/wp-json\/wp\/v2\/posts"}],"about":[{"href":"https:\/\/linitiative.ca\/International\/wp-json\/wp\/v2\/types\/post"}],"author":[{"embeddable":true,"href":"https:\/\/linitiative.ca\/International\/wp-json\/wp\/v2\/users\/1738"}],"replies":[{"embeddable":true,"href":"https:\/\/linitiative.ca\/International\/wp-json\/wp\/v2\/comments?post=32227"}],"version-history":[{"count":0,"href":"https:\/\/linitiative.ca\/International\/wp-json\/wp\/v2\/posts\/32227\/revisions"}],"wp:featuredmedia":[{"embeddable":true,"href":"https:\/\/linitiative.ca\/International\/wp-json\/"}],"wp:attachment":[{"href":"https:\/\/linitiative.ca\/International\/wp-json\/wp\/v2\/media?parent=32227"}],"wp:term":[{"taxonomy":"category","embeddable":true,"href":"https:\/\/linitiative.ca\/International\/wp-json\/wp\/v2\/categories?post=32227"},{"taxonomy":"post_tag","embeddable":true,"href":"https:\/\/linitiative.ca\/International\/wp-json\/wp\/v2\/tags?post=32227"}],"curies":[{"name":"wp","href":"https:\/\/api.w.org\/{rel}","templated":true}]}}