{"id":32229,"date":"2019-05-04T19:00:00","date_gmt":"2019-05-04T23:00:00","guid":{"rendered":"https:\/\/linitiative.ca\/International\/colloque-sur-le-stress-a-lorigine-daccouchements-prematures\/"},"modified":"2019-05-04T19:00:00","modified_gmt":"2019-05-04T23:00:00","slug":"colloque-sur-le-stress-a-lorigine-daccouchements-prematures","status":"publish","type":"post","link":"https:\/\/linitiative.ca\/International\/colloque-sur-le-stress-a-lorigine-daccouchements-prematures\/","title":{"rendered":"Colloque sur le stress   \u00e0 l\u2019origine d\u2019accouchements pr\u00e9matur\u00e9s"},"content":{"rendered":"<p>\u00abUn important stress chez une femme enceinte multiplie le risque d\u2019un accouchement pr\u00e9matur\u00e9, voire d\u2019une maladie physiologique ou mentale chez l\u2019enfant\u00bb, ont estim\u00e9 les intervenants \u00e0 une journ\u00e9e d\u2019\u00e9tude \u00e0 l\u2019Institut de n\u00e9phrologie du CHU Frantz Fanon \u00e0 Blida. Cet \u00e9tat de fait a \u00e9t\u00e9 corrobor\u00e9 par la r\u00e9sidente en m\u00e9decine, Amira Boukhelari, qui a signal\u00e9 de nombreux cas d\u2019accouchements pr\u00e9matur\u00e9s dus \u00e0 un \u00e9tat d\u2019anxi\u00e9t\u00e9 et de stress extr\u00eame de la femme concern\u00e9e\u00bb.\u00a0<br \/>\u00abLe stress ressenti durant les premiers mois d\u2019une grossesse peut \u00e9galement \u00eatre \u00e0 l\u2019origine d\u2019un avortement ou d\u2019un mauvais d\u00e9veloppement du f\u0153tus\u00bb, a-t-elle ajout\u00e9, outre le risque encouru par le b\u00e9b\u00e9 de \u00abcontracter des maladies mentales ou physiologiques, dont l\u2019autisme\u00bb.\u00a0<br \/>Pour le Dr Boukhelari, le meilleur moyen de pr\u00e9server la sant\u00e9 de la m\u00e8re et de son f\u0153tus, est de l\u2019\u00ab\u00e9loigner de toute source de stress, tout en l\u2019encourageant \u00e0 la pratique de la marche, soutenue par un r\u00e9gime alimentaire sain\u00bb.\u00a0<br \/>De son c\u00f4t\u00e9, le Dr Khadidja Drai a mis en garde contre les risques li\u00e9s au stress et \u00e0 l\u2019angoisse chez la femme enceinte du\u00a0\u00a0 fait qu\u2019\u00abelle devient tr\u00e8s sensible \u00e0 cette \u00e9tape de sa vie, durant\u00a0\u00a0 laquelle elle risque l\u2019avortement ou un accouchement pr\u00e9matur\u00e9, qui pourrait \u00eatre \u00e0 l\u2019origine de la mort du f\u0153tus\u00bb.\u00a0<\/p>\n<p>Auteur: elmoudjahid<br \/>\n<a href=\"http:\/\/www.elmoudjahid.com\/fr\/actualites\/136575\">Cliquez ici pour lire l&rsquo;article depuis sa source.<\/a><\/p>\n","protected":false},"excerpt":{"rendered":"<p>\u00abUn important stress chez une femme enceinte multiplie le risque d\u2019un accouchement pr\u00e9matur\u00e9, voire d\u2019une maladie physiologique ou mentale chez l\u2019enfant\u00bb, ont estim\u00e9 les intervenants \u00e0 une journ\u00e9e d\u2019\u00e9tude \u00e0 l\u2019Institut de n\u00e9phrologie du CHU Frantz Fanon \u00e0 Blida. Cet \u00e9tat de fait a \u00e9t\u00e9 corrobor\u00e9 par la r\u00e9sidente en m\u00e9decine, Amira Boukhelari, qui a [&hellip;]<\/p>\n","protected":false},"author":1744,"featured_media":0,"comment_status":"closed","ping_status":"closed","sticky":false,"template":"","format":"standard","meta":{"fifu_image_url":"","fifu_image_alt":"","footnotes":""},"categories":[73,53],"tags":[],"class_list":["post-32229","post","type-post","status-publish","format-standard","hentry","category-actualite","category-algerie"],"_links":{"self":[{"href":"https:\/\/linitiative.ca\/International\/wp-json\/wp\/v2\/posts\/32229","targetHints":{"allow":["GET"]}}],"collection":[{"href":"https:\/\/linitiative.ca\/International\/wp-json\/wp\/v2\/posts"}],"about":[{"href":"https:\/\/linitiative.ca\/International\/wp-json\/wp\/v2\/types\/post"}],"author":[{"embeddable":true,"href":"https:\/\/linitiative.ca\/International\/wp-json\/wp\/v2\/users\/1744"}],"replies":[{"embeddable":true,"href":"https:\/\/linitiative.ca\/International\/wp-json\/wp\/v2\/comments?post=32229"}],"version-history":[{"count":0,"href":"https:\/\/linitiative.ca\/International\/wp-json\/wp\/v2\/posts\/32229\/revisions"}],"wp:attachment":[{"href":"https:\/\/linitiative.ca\/International\/wp-json\/wp\/v2\/media?parent=32229"}],"wp:term":[{"taxonomy":"category","embeddable":true,"href":"https:\/\/linitiative.ca\/International\/wp-json\/wp\/v2\/categories?post=32229"},{"taxonomy":"post_tag","embeddable":true,"href":"https:\/\/linitiative.ca\/International\/wp-json\/wp\/v2\/tags?post=32229"}],"curies":[{"name":"wp","href":"https:\/\/api.w.org\/{rel}","templated":true}]}}