{"id":32236,"date":"2019-05-05T00:59:39","date_gmt":"2019-05-05T04:59:39","guid":{"rendered":"https:\/\/linitiative.ca\/International\/pros-boudebouz-passeur-decisif-face-au-barca\/"},"modified":"2019-05-05T00:59:39","modified_gmt":"2019-05-05T04:59:39","slug":"pros-boudebouz-passeur-decisif-face-au-barca","status":"publish","type":"post","link":"https:\/\/linitiative.ca\/International\/pros-boudebouz-passeur-decisif-face-au-barca\/","title":{"rendered":"Pros : Boudebouz passeur d\u00e9cisif face au Bar\u00e7a"},"content":{"rendered":"<div readability=\"32\">\n<p>Auteur : <span>Moumen A.<\/span> <span class=\"time\">samedi 04 mai 2019 22:28<\/span><\/p>\n<\/div>\n<div id=\"post_core\" readability=\"37\">\n<p>Le Celta Vigo a pratiquement assur\u00e9 son maintien en Liga Espagnole. L\u2019Alg\u00e9rien Ryad Boudebouz aura \u00e9t\u00e9 pour beaucoup dans ce succ\u00e8s obtenu ce soir par ses camarades contre le FC Barcelone sur le score\u00a0 de deux buts\u00a0 \u00e0 z\u00e9ro.\u00a0 Auteur d\u2019une passe d\u00e9cisive sur l\u2019ouverture du score de son \u00e9quipe Ryad a jou\u00e9 85minutes avant d\u2019\u00eatre remplac\u00e9 sous les applaudissements de ses supporteurs.<\/p>\n<p><strong>Publi\u00e9 dans :<\/strong> <span>Ryad Boudebouz<\/span> <span>djamel belmadi<\/span><\/p>\n<\/div>\n<p>Auteur:<br \/>\n<a href=\"http:\/\/www.lebuteur.com\/article\/detail?titre=boudebouz-passeur-decisif-face-au-barca&#038;id=88524&#038;utm_source=feedburner&#038;utm_medium=feed&#038;utm_campaign=Feed%3A+GalerieFArtciles+%28Les+derniers+articles++-+lebuteur.com%29\">Cliquez ici pour lire l&rsquo;article depuis sa source.<\/a><\/p>\n","protected":false},"excerpt":{"rendered":"<p>Auteur : Moumen A. samedi 04 mai 2019 22:28 Le Celta Vigo a pratiquement assur\u00e9 son maintien en Liga Espagnole. L\u2019Alg\u00e9rien Ryad Boudebouz aura \u00e9t\u00e9 pour beaucoup dans ce succ\u00e8s obtenu ce soir par ses camarades contre le FC Barcelone sur le score\u00a0 de deux buts\u00a0 \u00e0 z\u00e9ro.\u00a0 Auteur d\u2019une passe d\u00e9cisive sur l\u2019ouverture du [&hellip;]<\/p>\n","protected":false},"author":1738,"featured_media":32238,"comment_status":"closed","ping_status":"closed","sticky":false,"template":"","format":"standard","meta":{"fifu_image_url":"","fifu_image_alt":"","footnotes":""},"categories":[53,75],"tags":[],"class_list":["post-32236","post","type-post","status-publish","format-standard","has-post-thumbnail","hentry","category-algerie","category-sport"],"_links":{"self":[{"href":"https:\/\/linitiative.ca\/International\/wp-json\/wp\/v2\/posts\/32236","targetHints":{"allow":["GET"]}}],"collection":[{"href":"https:\/\/linitiative.ca\/International\/wp-json\/wp\/v2\/posts"}],"about":[{"href":"https:\/\/linitiative.ca\/International\/wp-json\/wp\/v2\/types\/post"}],"author":[{"embeddable":true,"href":"https:\/\/linitiative.ca\/International\/wp-json\/wp\/v2\/users\/1738"}],"replies":[{"embeddable":true,"href":"https:\/\/linitiative.ca\/International\/wp-json\/wp\/v2\/comments?post=32236"}],"version-history":[{"count":0,"href":"https:\/\/linitiative.ca\/International\/wp-json\/wp\/v2\/posts\/32236\/revisions"}],"wp:featuredmedia":[{"embeddable":true,"href":"https:\/\/linitiative.ca\/International\/wp-json\/"}],"wp:attachment":[{"href":"https:\/\/linitiative.ca\/International\/wp-json\/wp\/v2\/media?parent=32236"}],"wp:term":[{"taxonomy":"category","embeddable":true,"href":"https:\/\/linitiative.ca\/International\/wp-json\/wp\/v2\/categories?post=32236"},{"taxonomy":"post_tag","embeddable":true,"href":"https:\/\/linitiative.ca\/International\/wp-json\/wp\/v2\/tags?post=32236"}],"curies":[{"name":"wp","href":"https:\/\/api.w.org\/{rel}","templated":true}]}}