{"id":32237,"date":"2019-05-04T19:00:00","date_gmt":"2019-05-04T23:00:00","guid":{"rendered":"https:\/\/linitiative.ca\/International\/refugies-lalgerie-distinguee\/"},"modified":"2019-05-04T19:00:00","modified_gmt":"2019-05-04T23:00:00","slug":"refugies-lalgerie-distinguee","status":"publish","type":"post","link":"https:\/\/linitiative.ca\/International\/refugies-lalgerie-distinguee\/","title":{"rendered":"R\u00e9fugi\u00e9s : L\u2019Alg\u00e9rie, distingu\u00e9e"},"content":{"rendered":"<p>L&rsquo;Alg\u00e9rie a \u00e9t\u00e9 distingu\u00e9e, en sa qualit\u00e9 de pays qui abrite le plus ancien camp de r\u00e9fugi\u00e9s du continent, \u00e0 l\u2019occasion de la 64e session ordinaire de la Commission africaine des droits de l&rsquo;homme et des peuples, qui se tient \u00e0 Charm El Cheikh, du 24 avril au 14 mai. Cette cons\u00e9cration intervient dans le contexte de la c\u00e9l\u00e9bration par l\u2019Union africaine du th\u00e8me de l\u2019ann\u00e9e 2019 \u00ab\u00a0Ann\u00e9e des r\u00e9fugi\u00e9s, rapatri\u00e9s et personnes d\u00e9plac\u00e9es internes : pour des solutions durables aux d\u00e9placements forc\u00e9s en Afrique\u00a0\u00bb, qui a co\u00efncid\u00e9 avec la comm\u00e9moration du 50e anniversaire de la Convention de l&rsquo;OUA de 1969 r\u00e9gissant les aspects propres aux probl\u00e8mes des r\u00e9fugi\u00e9s en Afrique, pr\u00e9cise la m\u00eame source.\u00a0 La Commission africaine des droits de l&rsquo;homme et des peuples \u00ab\u00a0rend aussi un hommage appuy\u00e9 \u00e0 la g\u00e9n\u00e9rosit\u00e9 et l&rsquo;hospitalit\u00e9 du peuple alg\u00e9rien et \u00e0 l\u2019engagement de notre pays en faveur des r\u00e9fugi\u00e9s et des demandeurs d&rsquo;asile, qu&rsquo;il s&rsquo;agisse des repr\u00e9sentants de mouvements de lib\u00e9ration, d&rsquo;opposants politiques, de ressortissants palestiniens et syriens, mais surtout des dizaines de milliers de r\u00e9fugi\u00e9s sahraouis qu&rsquo;il accueille dans les camps dans la r\u00e9gion de Tindouf, depuis plus de quatre d\u00e9cennies\u00a0\u00bb. \u00ab\u00a0Il s&rsquo;agit plus sp\u00e9cifiquement d\u2019une juste reconnaissance de la solidarit\u00e9 de notre pays en faveur des r\u00e9fugi\u00e9s sahraouis, mais surtout d\u2019un rappel \u00e0 la communaut\u00e9 internationale de la situation de ces r\u00e9fugi\u00e9s qui attendent,\u00a0\u00a0 depuis pr\u00e8s d\u2019un demi si\u00e8cle, leur rapatriement, librement consenti dans le cadre de la mise en oeuvre d\u2019une solution durable \u00e0 leur sort, bas\u00e9e sur le droit de leur peuple \u00e0 l\u2019autod\u00e9termination\u00a0\u00bb, ajoute-t-on. \u00ab\u00a0L\u2019\u00e9tude lanc\u00e9e en novembre 2016 par un groupe technique intersectoriel \u00e0 Tindouf, sous l\u2019\u00e9gide du HCR, en collaboration avec l\u2019UNICEF, le PAM et un consortium d\u2019ONG activant dans les camps, indique que le nombre des r\u00e9fugi\u00e9s sahraouis vivant dans les camps pr\u00e8s de Tindouf \u00e9tait de l&rsquo;ordre de 173.600 au 31 d\u00e9cembre 2017\u00a0\u00bb.<br \/>\u00a0<\/p>\n<p>Auteur: elmoudjahid<br \/>\n<a href=\"http:\/\/www.elmoudjahid.com\/fr\/actualites\/136576\">Cliquez ici pour lire l&rsquo;article depuis sa source.<\/a><\/p>\n","protected":false},"excerpt":{"rendered":"<p>L&rsquo;Alg\u00e9rie a \u00e9t\u00e9 distingu\u00e9e, en sa qualit\u00e9 de pays qui abrite le plus ancien camp de r\u00e9fugi\u00e9s du continent, \u00e0 l\u2019occasion de la 64e session ordinaire de la Commission africaine des droits de l&rsquo;homme et des peuples, qui se tient \u00e0 Charm El Cheikh, du 24 avril au 14 mai. Cette cons\u00e9cration intervient dans le [&hellip;]<\/p>\n","protected":false},"author":1744,"featured_media":0,"comment_status":"closed","ping_status":"closed","sticky":false,"template":"","format":"standard","meta":{"fifu_image_url":"","fifu_image_alt":"","footnotes":""},"categories":[73,53],"tags":[],"class_list":["post-32237","post","type-post","status-publish","format-standard","hentry","category-actualite","category-algerie"],"_links":{"self":[{"href":"https:\/\/linitiative.ca\/International\/wp-json\/wp\/v2\/posts\/32237","targetHints":{"allow":["GET"]}}],"collection":[{"href":"https:\/\/linitiative.ca\/International\/wp-json\/wp\/v2\/posts"}],"about":[{"href":"https:\/\/linitiative.ca\/International\/wp-json\/wp\/v2\/types\/post"}],"author":[{"embeddable":true,"href":"https:\/\/linitiative.ca\/International\/wp-json\/wp\/v2\/users\/1744"}],"replies":[{"embeddable":true,"href":"https:\/\/linitiative.ca\/International\/wp-json\/wp\/v2\/comments?post=32237"}],"version-history":[{"count":0,"href":"https:\/\/linitiative.ca\/International\/wp-json\/wp\/v2\/posts\/32237\/revisions"}],"wp:attachment":[{"href":"https:\/\/linitiative.ca\/International\/wp-json\/wp\/v2\/media?parent=32237"}],"wp:term":[{"taxonomy":"category","embeddable":true,"href":"https:\/\/linitiative.ca\/International\/wp-json\/wp\/v2\/categories?post=32237"},{"taxonomy":"post_tag","embeddable":true,"href":"https:\/\/linitiative.ca\/International\/wp-json\/wp\/v2\/tags?post=32237"}],"curies":[{"name":"wp","href":"https:\/\/api.w.org\/{rel}","templated":true}]}}