{"id":32245,"date":"2019-05-04T19:00:00","date_gmt":"2019-05-04T23:00:00","guid":{"rendered":"https:\/\/linitiative.ca\/International\/lutte-contre-lhabitat-precaire-loperation-se-poursuit\/"},"modified":"2019-05-04T19:00:00","modified_gmt":"2019-05-04T23:00:00","slug":"lutte-contre-lhabitat-precaire-loperation-se-poursuit","status":"publish","type":"post","link":"https:\/\/linitiative.ca\/International\/lutte-contre-lhabitat-precaire-loperation-se-poursuit\/","title":{"rendered":"Lutte contre l\u2019habitat pr\u00e9caire : L\u2019op\u00e9ration se poursuit"},"content":{"rendered":"<p><strong>Un total de quatre-vingt et une familles, qui r\u00e9sidaient dans des habitations class\u00e9es rouge, sises \u00e0 la Basse-Casbah, ont b\u00e9n\u00e9fici\u00e9 hier d\u2019un logement, dans le cadre de la 1re phase de la 25e op\u00e9ration de relogement lanc\u00e9e en urgence par les services de la wilaya d&rsquo;Alger au profit des habitants des immeubles mena\u00e7ant ruine.<\/strong><\/p>\n<p>Ces familles, qui habitaient notamment \u00e0 Bad Djedid (Haute-Casbah) et les rues Hocine-Bourahla et Brahim-Hadjout, dans la Basse-Casbah, ont d\u00e9m\u00e9nag\u00e9 vers de nouvelles cit\u00e9es sises \u00e0 Ouled Fayet (ouest d&rsquo;Alger), apr\u00e8s que leurs habitations eurent \u00e9t\u00e9 class\u00e9es \u00abrouge 5\u00bb.<br \/>L&rsquo;APS s&rsquo;est enquise de l&rsquo;\u00e9tat de la v\u00e9tust\u00e9 et de l&rsquo;exigu\u00eft\u00e9 de leurs habitations qui ne disposent d&rsquo;aucun moyen de confort et de salubrit\u00e9, tels que fut le cas pour un bidonville qui \u00e9tait, depuis deux d\u00e9cennies, un centre de transit abritant 5 familles. M. Ziane Mustapha, chef d&rsquo;\u00e9tudes \u00e0 la Circonscription administrative de Bab El-Oued, a indiqu\u00e9 que ce type d&rsquo;immeubles mena\u00e7ant ruine conna\u00eetra \u00ab le m\u00eame sort\u00bb, ajoutant que toutes les b\u00e2tisses seront r\u00e9cup\u00e9r\u00e9es par le minist\u00e8re de la Culture aux fins de r\u00e9novation.<br \/>Quant aux immeubles datant de l&rsquo;\u00e8re coloniale, poursuit le responsable, \u00abla majeure partie sera ferm\u00e9e, ensuite soumise \u00e0 une contre-expertise qui sera men\u00e9e par les services concern\u00e9s qui d\u00e9cideront de leur sort\u00bb, a-t-il pr\u00e9cis\u00e9. \u00c0 \u00abDar Sedka\u00bb, sise 5, rue Cheikh-El-Kinai, mitoyenne avec Dar Hassen Pacha, \u00e0 la Basse-Casbah, deux familles ayant habit\u00e9 les lieux depuis 1962 ont \u00e9t\u00e9 relog\u00e9es. Selon les habitants, cette b\u00e2tisse \u00e0 l&rsquo;architecture ottomane \u00ab\u00e9tait destin\u00e9e \u00e0 \u00eatre transform\u00e9e en mus\u00e9e\u00bb. Malgr\u00e9 la satisfaction qui s&rsquo;affichait sur les visages des familles relog\u00e9es, il n&rsquo;en demeure pas moin que beaucoup d&rsquo;autres cas se sont plaints de \u00abla mauvaise \u00e9valuation\u00bb de l&rsquo;\u00e9tat de leurs b\u00e2tisses, tel\u00a0 l&rsquo;immeuble datant de l&rsquo;\u00e8re coloniale, sis 7, rue Ahmed-Bouzrina et qui a \u00e9t\u00e9 class\u00e9 \u00ab rouge 5\u00bb, lors du constat r\u00e9alis\u00e9 par des repr\u00e9sentants de la wilaya et de la da\u00efra. Il convient de souligner que la 1re phase de la 25e op\u00e9ration de relogement se poursuivra jusqu&rsquo;\u00e0 dimanche prochain, et verra le relogement de plus de 200 familles, y compris les immeubles situ\u00e9s \u00e0 rue Tamglit, qui a connu, vers la fin du mois \u00e9coul\u00e9, l&rsquo;effondrement d&rsquo;un immeuble, ayant fait 5 morts parmi les habitants.<br \/>\u00a0<\/p>\n<p>Auteur: elmoudjahid<br \/>\n<a href=\"http:\/\/www.elmoudjahid.com\/fr\/actualites\/136579\">Cliquez ici pour lire l&rsquo;article depuis sa source.<\/a><\/p>\n","protected":false},"excerpt":{"rendered":"<p>Un total de quatre-vingt et une familles, qui r\u00e9sidaient dans des habitations class\u00e9es rouge, sises \u00e0 la Basse-Casbah, ont b\u00e9n\u00e9fici\u00e9 hier d\u2019un logement, dans le cadre de la 1re phase de la 25e op\u00e9ration de relogement lanc\u00e9e en urgence par les services de la wilaya d&rsquo;Alger au profit des habitants des immeubles mena\u00e7ant ruine. Ces [&hellip;]<\/p>\n","protected":false},"author":1744,"featured_media":0,"comment_status":"closed","ping_status":"closed","sticky":false,"template":"","format":"standard","meta":{"fifu_image_url":"","fifu_image_alt":"","footnotes":""},"categories":[73,53],"tags":[],"class_list":["post-32245","post","type-post","status-publish","format-standard","hentry","category-actualite","category-algerie"],"_links":{"self":[{"href":"https:\/\/linitiative.ca\/International\/wp-json\/wp\/v2\/posts\/32245","targetHints":{"allow":["GET"]}}],"collection":[{"href":"https:\/\/linitiative.ca\/International\/wp-json\/wp\/v2\/posts"}],"about":[{"href":"https:\/\/linitiative.ca\/International\/wp-json\/wp\/v2\/types\/post"}],"author":[{"embeddable":true,"href":"https:\/\/linitiative.ca\/International\/wp-json\/wp\/v2\/users\/1744"}],"replies":[{"embeddable":true,"href":"https:\/\/linitiative.ca\/International\/wp-json\/wp\/v2\/comments?post=32245"}],"version-history":[{"count":0,"href":"https:\/\/linitiative.ca\/International\/wp-json\/wp\/v2\/posts\/32245\/revisions"}],"wp:attachment":[{"href":"https:\/\/linitiative.ca\/International\/wp-json\/wp\/v2\/media?parent=32245"}],"wp:term":[{"taxonomy":"category","embeddable":true,"href":"https:\/\/linitiative.ca\/International\/wp-json\/wp\/v2\/categories?post=32245"},{"taxonomy":"post_tag","embeddable":true,"href":"https:\/\/linitiative.ca\/International\/wp-json\/wp\/v2\/tags?post=32245"}],"curies":[{"name":"wp","href":"https:\/\/api.w.org\/{rel}","templated":true}]}}