{"id":32249,"date":"2019-05-04T19:00:00","date_gmt":"2019-05-04T23:00:00","guid":{"rendered":"https:\/\/linitiative.ca\/International\/oran-relogement-de-172-familles\/"},"modified":"2019-05-04T19:00:00","modified_gmt":"2019-05-04T23:00:00","slug":"oran-relogement-de-172-familles","status":"publish","type":"post","link":"https:\/\/linitiative.ca\/International\/oran-relogement-de-172-familles\/","title":{"rendered":"Oran :  Relogement de 172 familles"},"content":{"rendered":"<p>Avant le d\u00e9but du Ramadan, une importante op\u00e9ration de relogement de 172 familles au profit des b\u00e9n\u00e9ficiaires de d\u00e9cisions de pr\u00e9affectation qui r\u00e9sidaient dans le quartier populaire d\u2019El Mokrani, a eu lieu jeudi. L\u2019op\u00e9ration concerne un premier quota d\u2019un programme de 500 logements situ\u00e9s dans le nouveau p\u00f4le urbain de Belga\u00efd , r\u00e9serv\u00e9 \u00e0 cette m\u00eame cat\u00e9gorie. Les tranches restantes vont \u00eatre distribu\u00e9es dans les prochains jours, ont indiqu\u00e9 les responsables du secteur au niveau de la wilaya. Ainsi, 14.000 unit\u00e9s de la formule socio-locative publique devraient \u00eatre livr\u00e9es au courant de 2019, progressivement, en fonction des programmes r\u00e9ceptionn\u00e9s, selon les services de l\u2019Office de promotion et de gestion immobili\u00e8res. Il convient de souligner que la wilaya d\u2019Oran a enregistr\u00e9, en 2018, la distribution de plus de 20.000 logements. Sur un programme totalisant 172.337 logements, pas moins de 99.259 ont \u00e9t\u00e9 livr\u00e9s et pr\u00e8s de 71.000 sont en cours de r\u00e9alisation dont une bonne partie est en voie de r\u00e9ception, indiquent les chiffres d\u00e9voil\u00e9s par le premier responsable de l\u2019ex\u00e9cutif. Une op\u00e9ration d\u2019une grande ampleur avait \u00e9t\u00e9 lanc\u00e9e le 1er novembre dernier avec la remise des cl\u00e9s de plus de 6.000 logements \u00e0 leurs b\u00e9n\u00e9ficiaires. Selon le m\u00eame responsable, 80% des familles d\u00e9tentrices des pr\u00e9affectations ont d\u00e9j\u00e0 rejoint leurs nouveaux logements. 1.500 autres familles de ceux ayant des pr\u00e9-affectations vont quitter leurs habitations pr\u00e9caires durant l\u2019ann\u00e9e. Par ailleurs, les travaux de r\u00e9alisation d\u2019un programme de 2.000 logements formule location-vente et 420 autres de type LPA au site Chahid Ahmed-Zabana ont \u00e9t\u00e9 lanc\u00e9s en janvier dernier.<br \/><strong>\u00a0\u00a0\u00a0 Amel Saher<\/strong><\/p>\n<p>Auteur: elmoudjahid<br \/>\n<a href=\"http:\/\/www.elmoudjahid.com\/fr\/actualites\/136581\">Cliquez ici pour lire l&rsquo;article depuis sa source.<\/a><\/p>\n","protected":false},"excerpt":{"rendered":"<p>Avant le d\u00e9but du Ramadan, une importante op\u00e9ration de relogement de 172 familles au profit des b\u00e9n\u00e9ficiaires de d\u00e9cisions de pr\u00e9affectation qui r\u00e9sidaient dans le quartier populaire d\u2019El Mokrani, a eu lieu jeudi. L\u2019op\u00e9ration concerne un premier quota d\u2019un programme de 500 logements situ\u00e9s dans le nouveau p\u00f4le urbain de Belga\u00efd , r\u00e9serv\u00e9 \u00e0 cette [&hellip;]<\/p>\n","protected":false},"author":1744,"featured_media":0,"comment_status":"closed","ping_status":"closed","sticky":false,"template":"","format":"standard","meta":{"fifu_image_url":"","fifu_image_alt":"","footnotes":""},"categories":[73,53],"tags":[],"class_list":["post-32249","post","type-post","status-publish","format-standard","hentry","category-actualite","category-algerie"],"_links":{"self":[{"href":"https:\/\/linitiative.ca\/International\/wp-json\/wp\/v2\/posts\/32249","targetHints":{"allow":["GET"]}}],"collection":[{"href":"https:\/\/linitiative.ca\/International\/wp-json\/wp\/v2\/posts"}],"about":[{"href":"https:\/\/linitiative.ca\/International\/wp-json\/wp\/v2\/types\/post"}],"author":[{"embeddable":true,"href":"https:\/\/linitiative.ca\/International\/wp-json\/wp\/v2\/users\/1744"}],"replies":[{"embeddable":true,"href":"https:\/\/linitiative.ca\/International\/wp-json\/wp\/v2\/comments?post=32249"}],"version-history":[{"count":0,"href":"https:\/\/linitiative.ca\/International\/wp-json\/wp\/v2\/posts\/32249\/revisions"}],"wp:attachment":[{"href":"https:\/\/linitiative.ca\/International\/wp-json\/wp\/v2\/media?parent=32249"}],"wp:term":[{"taxonomy":"category","embeddable":true,"href":"https:\/\/linitiative.ca\/International\/wp-json\/wp\/v2\/categories?post=32249"},{"taxonomy":"post_tag","embeddable":true,"href":"https:\/\/linitiative.ca\/International\/wp-json\/wp\/v2\/tags?post=32249"}],"curies":[{"name":"wp","href":"https:\/\/api.w.org\/{rel}","templated":true}]}}