{"id":32251,"date":"2019-05-04T19:00:00","date_gmt":"2019-05-04T23:00:00","guid":{"rendered":"https:\/\/linitiative.ca\/International\/el-tarf-250-familles-ont-un-nouveau-toit\/"},"modified":"2019-05-04T19:00:00","modified_gmt":"2019-05-04T23:00:00","slug":"el-tarf-250-familles-ont-un-nouveau-toit","status":"publish","type":"post","link":"https:\/\/linitiative.ca\/International\/el-tarf-250-familles-ont-un-nouveau-toit\/","title":{"rendered":"El-Tarf  : 250 familles ont un nouveau toit"},"content":{"rendered":"<p>Pas moins de 259 familles relevant de la commune de Besbes ont \u00e9t\u00e9 relog\u00e9es hier dans le cadre du programme de r\u00e9sorption de l&rsquo;habitat pr\u00e9caire (RHP). L&rsquo;op\u00e9ration de relogement, pr\u00e9sid\u00e9e par le wali d&rsquo;El Tarf, Harfouche Benarar, a mobilis\u00e9 d&rsquo;importants services de la wilaya afin de permettre aux b\u00e9n\u00e9ficiaires, qui r\u00e9sidaient depuis des ann\u00e9es dans la cit\u00e9 Zighoud-Youcef, connue sous le nom de \u00abGhaza\u00bb, de rejoindre leurs nouveaux logements avant le mois de Ramadhan.<br \/>Deux sites, l&rsquo;un comportant un total de 150 logements, dont la r\u00e9alisation a \u00e9t\u00e9 confi\u00e9e \u00e0 une entreprise chinoise, et l&rsquo;autre, comprenant 140 unit\u00e9s r\u00e9alis\u00e9es par une entreprise publique, ont \u00e9t\u00e9 retenus dans le cadre du relogement des familles concern\u00e9es, a indiqu\u00e9 le wali. Par ailleurs, 31 autres familles sont en instance, dans l&rsquo;attente de l&rsquo;ach\u00e8vement des v\u00e9rifications d&rsquo;usage pour d\u00e9busquer les indus b\u00e9n\u00e9ficiaires, a-t-on affirm\u00e9 au wali qui a insist\u00e9, lors de sa visite \u00e0 l&rsquo;un des sites, sur l&rsquo;importance d&rsquo;am\u00e9liorer la qualit\u00e9 des logements.<br \/>Tout en rappelant les efforts d\u00e9ploy\u00e9s dans ce domaine, le wali a exhort\u00e9 les citoyens \u00e0 s&rsquo;organiser en comit\u00e9s de quartier, appel\u00e9s \u00e0 les repr\u00e9senter pour trouver des solutions \u00e0 leurs pr\u00e9occupations li\u00e9es, entre autres, \u00e0 l&rsquo;am\u00e9lioration du cadre de vie. Les postulants concern\u00e9s par ce recasement sont ceux qui ont \u00e9t\u00e9 touch\u00e9s par l&rsquo;op\u00e9ration de recensement, effectu\u00e9e en 2007 et actualis\u00e9e en 2013, a-t-on, par ailleurs, soutenu. Sit\u00f4t les familles b\u00e9n\u00e9ficiaires relog\u00e9es, l&rsquo;op\u00e9ration de d\u00e9molition des sites abritant les habitations pr\u00e9caires a \u00e9t\u00e9 enclench\u00e9e. Les nouvelles assiettes seront retenues pour la r\u00e9alisation de divers projets socio\u00e9conomiques, a-t-on not\u00e9.<\/p>\n<p>Auteur: elmoudjahid<br \/>\n<a href=\"http:\/\/www.elmoudjahid.com\/fr\/actualites\/136582\">Cliquez ici pour lire l&rsquo;article depuis sa source.<\/a><\/p>\n","protected":false},"excerpt":{"rendered":"<p>Pas moins de 259 familles relevant de la commune de Besbes ont \u00e9t\u00e9 relog\u00e9es hier dans le cadre du programme de r\u00e9sorption de l&rsquo;habitat pr\u00e9caire (RHP). L&rsquo;op\u00e9ration de relogement, pr\u00e9sid\u00e9e par le wali d&rsquo;El Tarf, Harfouche Benarar, a mobilis\u00e9 d&rsquo;importants services de la wilaya afin de permettre aux b\u00e9n\u00e9ficiaires, qui r\u00e9sidaient depuis des ann\u00e9es dans [&hellip;]<\/p>\n","protected":false},"author":1744,"featured_media":0,"comment_status":"closed","ping_status":"closed","sticky":false,"template":"","format":"standard","meta":{"fifu_image_url":"","fifu_image_alt":"","footnotes":""},"categories":[73,53],"tags":[],"class_list":["post-32251","post","type-post","status-publish","format-standard","hentry","category-actualite","category-algerie"],"_links":{"self":[{"href":"https:\/\/linitiative.ca\/International\/wp-json\/wp\/v2\/posts\/32251","targetHints":{"allow":["GET"]}}],"collection":[{"href":"https:\/\/linitiative.ca\/International\/wp-json\/wp\/v2\/posts"}],"about":[{"href":"https:\/\/linitiative.ca\/International\/wp-json\/wp\/v2\/types\/post"}],"author":[{"embeddable":true,"href":"https:\/\/linitiative.ca\/International\/wp-json\/wp\/v2\/users\/1744"}],"replies":[{"embeddable":true,"href":"https:\/\/linitiative.ca\/International\/wp-json\/wp\/v2\/comments?post=32251"}],"version-history":[{"count":0,"href":"https:\/\/linitiative.ca\/International\/wp-json\/wp\/v2\/posts\/32251\/revisions"}],"wp:attachment":[{"href":"https:\/\/linitiative.ca\/International\/wp-json\/wp\/v2\/media?parent=32251"}],"wp:term":[{"taxonomy":"category","embeddable":true,"href":"https:\/\/linitiative.ca\/International\/wp-json\/wp\/v2\/categories?post=32251"},{"taxonomy":"post_tag","embeddable":true,"href":"https:\/\/linitiative.ca\/International\/wp-json\/wp\/v2\/tags?post=32251"}],"curies":[{"name":"wp","href":"https:\/\/api.w.org\/{rel}","templated":true}]}}