{"id":32254,"date":"2019-05-04T19:00:00","date_gmt":"2019-05-04T23:00:00","guid":{"rendered":"https:\/\/linitiative.ca\/International\/saida-lutter-contre-lhabitat-precaire\/"},"modified":"2019-05-04T19:00:00","modified_gmt":"2019-05-04T23:00:00","slug":"saida-lutter-contre-lhabitat-precaire","status":"publish","type":"post","link":"https:\/\/linitiative.ca\/International\/saida-lutter-contre-lhabitat-precaire\/","title":{"rendered":"Sa\u00efda : Lutter contre  l\u2019habitat pr\u00e9caire"},"content":{"rendered":"<p>251 familles vivant dans des habitations pr\u00e9caires dans la ville de Sa\u00efda ont \u00e9t\u00e9 relog\u00e9es, hier, dans des logements d\u00e9cents, au niveau de la cit\u00e9 1.200 logements, \u00e0 proximit\u00e9 de la RN 06, a-t-on constat\u00e9. Les moyens ont \u00e9t\u00e9 mobilis\u00e9s pour la r\u00e9ussite de cette op\u00e9ration de relogement qui s\u2019est d\u00e9roul\u00e9e dans de bonnes conditions et ce, \u00e0 la veille\u00a0 du mois sacr\u00e9 du ramadhan. Le wali de Sa\u00efda, Se\u00eff Dine Louh, a rappel\u00e9 \u00e0 l\u2019APS que les b\u00e9n\u00e9ficiaires de ces nouveaux logements de type F3 r\u00e9sidaient depuis un quart de si\u00e8cle dans des conditions d\u00e9plorables et que cette op\u00e9ration s\u2019inscrit dans le cadre du programme de lutte contre l\u2019habitat pr\u00e9caire initi\u00e9 par les pouvoirs publics. Depuis le d\u00e9but d\u2019ann\u00e9e 2018, quelque 1.472 familles du vieux Sa\u00efda ont b\u00e9n\u00e9fici\u00e9 de nouveaux logements dans de nouveaux groupements, dot\u00e9s de toutes les infrastructures d\u2019accompagnement, rappelle-t-on.<br \/>\u00a0<\/p>\n<p>Auteur: elmoudjahid<br \/>\n<a href=\"http:\/\/www.elmoudjahid.com\/fr\/actualites\/136583\">Cliquez ici pour lire l&rsquo;article depuis sa source.<\/a><\/p>\n","protected":false},"excerpt":{"rendered":"<p>251 familles vivant dans des habitations pr\u00e9caires dans la ville de Sa\u00efda ont \u00e9t\u00e9 relog\u00e9es, hier, dans des logements d\u00e9cents, au niveau de la cit\u00e9 1.200 logements, \u00e0 proximit\u00e9 de la RN 06, a-t-on constat\u00e9. Les moyens ont \u00e9t\u00e9 mobilis\u00e9s pour la r\u00e9ussite de cette op\u00e9ration de relogement qui s\u2019est d\u00e9roul\u00e9e dans de bonnes conditions [&hellip;]<\/p>\n","protected":false},"author":1744,"featured_media":0,"comment_status":"closed","ping_status":"closed","sticky":false,"template":"","format":"standard","meta":{"fifu_image_url":"","fifu_image_alt":"","footnotes":""},"categories":[73,53],"tags":[],"class_list":["post-32254","post","type-post","status-publish","format-standard","hentry","category-actualite","category-algerie"],"_links":{"self":[{"href":"https:\/\/linitiative.ca\/International\/wp-json\/wp\/v2\/posts\/32254","targetHints":{"allow":["GET"]}}],"collection":[{"href":"https:\/\/linitiative.ca\/International\/wp-json\/wp\/v2\/posts"}],"about":[{"href":"https:\/\/linitiative.ca\/International\/wp-json\/wp\/v2\/types\/post"}],"author":[{"embeddable":true,"href":"https:\/\/linitiative.ca\/International\/wp-json\/wp\/v2\/users\/1744"}],"replies":[{"embeddable":true,"href":"https:\/\/linitiative.ca\/International\/wp-json\/wp\/v2\/comments?post=32254"}],"version-history":[{"count":0,"href":"https:\/\/linitiative.ca\/International\/wp-json\/wp\/v2\/posts\/32254\/revisions"}],"wp:attachment":[{"href":"https:\/\/linitiative.ca\/International\/wp-json\/wp\/v2\/media?parent=32254"}],"wp:term":[{"taxonomy":"category","embeddable":true,"href":"https:\/\/linitiative.ca\/International\/wp-json\/wp\/v2\/categories?post=32254"},{"taxonomy":"post_tag","embeddable":true,"href":"https:\/\/linitiative.ca\/International\/wp-json\/wp\/v2\/tags?post=32254"}],"curies":[{"name":"wp","href":"https:\/\/api.w.org\/{rel}","templated":true}]}}