{"id":32258,"date":"2019-05-05T04:04:18","date_gmt":"2019-05-05T08:04:18","guid":{"rendered":"https:\/\/linitiative.ca\/International\/epic-yoga-festival-a-marrakech\/"},"modified":"2019-05-05T04:04:18","modified_gmt":"2019-05-05T08:04:18","slug":"epic-yoga-festival-a-marrakech","status":"publish","type":"post","link":"https:\/\/linitiative.ca\/International\/epic-yoga-festival-a-marrakech\/","title":{"rendered":"Epic Yoga Festival \u00e0 Marrakech"},"content":{"rendered":"<header>\n<div class=\"entry-post-meta\">\n<div class=\"author-link\">Publi\u00e9 par <a itemprop=\"author\" itemscope=\"\" itemtype=\"https:\/\/schema.org\/Person\" href=\"http:\/\/aujourdhui.ma\/profile\/kaid\" rel=\"author\"><span itemprop=\"name\">ALM<\/span><\/a><\/div>\n<p>Date\u00a0:<time content=\"2019-05-05T09:04:18+00:00\" class=\"entry-date updated\" datetime=\"2019-05-05T09:04:18+00:00\">mai 05, 2019<\/time><\/p>\n<div class=\"entry-cat\">dans:<a href=\"http:\/\/aujourdhui.ma\/category\/culture\" rel=\"category tag\">Culture<\/a><\/div>\n<p>3Vues<\/p>\n<\/div>\n<\/header>\n<div class=\"entry-content clearfix\" readability=\"45\"><img decoding=\"async\" class=\"post_layout_5_img\" src=\"http:\/\/aujourdhui.ma\/wp-content\/uploads\/2019\/05\/Epic-Yoga-Festival-a%CC%80-Marrakech-.jpg?x29840\" alt=\"Epic Yoga Festival \u00e0 Marrakech\"\/><\/p>\n<p class=\"p1\"><span class=\"s1\"><span class=\"c4\"><strong>Du 21 au 23 juin 2019, Epic Yoga Festival est le rendez-vous yoga et culture immanquable de l\u2019\u00e9t\u00e9. L\u2019\u00e9v\u00e9nement exceptionnel r\u00e9unit, \u00e0 travers cinq rassemblements transcendantaux in\u00e9dits, tout ce qui stimule nos \u00e9motions et notre imagination.<\/strong><\/span><\/span> <span id=\"more-310451\"\/><\/p>\n<p class=\"p1\"><span class=\"s1\">Ces masterclass Yoga Fusion g\u00e9antes guid\u00e9es par des professeurs internationaux seront accompagn\u00e9es par des musiciens traditionnels locaux, des Djs modernes, des artistes et des performances engag\u00e9s pour le d\u00e9veloppement de l\u2019Afrique par le biais du yoga et des arts\u2026 Epic Yoga Festival est l\u2019union r\u00e9ussie et \u00e9gaill\u00e9e du yoga, de la musique et de l\u2019art en faveur du d\u00e9veloppement social en Afrique.<\/span><\/p>\n<\/div>\n<p>Auteur: ALM<br \/>\n<a href=\"http:\/\/aujourdhui.ma\/culture\/epic-yoga-festival-a-marrakech\">Cliquez ici pour lire l&rsquo;article depuis sa source.<\/a><\/p>\n","protected":false},"excerpt":{"rendered":"<p>Publi\u00e9 par ALM Date\u00a0:mai 05, 2019 dans:Culture 3Vues Du 21 au 23 juin 2019, Epic Yoga Festival est le rendez-vous yoga et culture immanquable de l\u2019\u00e9t\u00e9. L\u2019\u00e9v\u00e9nement exceptionnel r\u00e9unit, \u00e0 travers cinq rassemblements transcendantaux in\u00e9dits, tout ce qui stimule nos \u00e9motions et notre imagination. Ces masterclass Yoga Fusion g\u00e9antes guid\u00e9es par des professeurs internationaux seront [&hellip;]<\/p>\n","protected":false},"author":1759,"featured_media":0,"comment_status":"closed","ping_status":"closed","sticky":false,"template":"","format":"standard","meta":{"fifu_image_url":"","fifu_image_alt":"","footnotes":""},"categories":[73,54],"tags":[],"class_list":["post-32258","post","type-post","status-publish","format-standard","hentry","category-actualite","category-maroc"],"_links":{"self":[{"href":"https:\/\/linitiative.ca\/International\/wp-json\/wp\/v2\/posts\/32258","targetHints":{"allow":["GET"]}}],"collection":[{"href":"https:\/\/linitiative.ca\/International\/wp-json\/wp\/v2\/posts"}],"about":[{"href":"https:\/\/linitiative.ca\/International\/wp-json\/wp\/v2\/types\/post"}],"author":[{"embeddable":true,"href":"https:\/\/linitiative.ca\/International\/wp-json\/wp\/v2\/users\/1759"}],"replies":[{"embeddable":true,"href":"https:\/\/linitiative.ca\/International\/wp-json\/wp\/v2\/comments?post=32258"}],"version-history":[{"count":0,"href":"https:\/\/linitiative.ca\/International\/wp-json\/wp\/v2\/posts\/32258\/revisions"}],"wp:attachment":[{"href":"https:\/\/linitiative.ca\/International\/wp-json\/wp\/v2\/media?parent=32258"}],"wp:term":[{"taxonomy":"category","embeddable":true,"href":"https:\/\/linitiative.ca\/International\/wp-json\/wp\/v2\/categories?post=32258"},{"taxonomy":"post_tag","embeddable":true,"href":"https:\/\/linitiative.ca\/International\/wp-json\/wp\/v2\/tags?post=32258"}],"curies":[{"name":"wp","href":"https:\/\/api.w.org\/{rel}","templated":true}]}}