{"id":32259,"date":"2019-05-05T04:08:08","date_gmt":"2019-05-05T08:08:08","guid":{"rendered":"https:\/\/linitiative.ca\/International\/casablanca-4-ans-de-prison-pour-deux-malfrats-recidivistes\/"},"modified":"2019-05-05T04:08:08","modified_gmt":"2019-05-05T08:08:08","slug":"casablanca-4-ans-de-prison-pour-deux-malfrats-recidivistes","status":"publish","type":"post","link":"https:\/\/linitiative.ca\/International\/casablanca-4-ans-de-prison-pour-deux-malfrats-recidivistes\/","title":{"rendered":"Casablanca\u00a0: 4 ans de prison pour deux malfrats r\u00e9cidivistes"},"content":{"rendered":"<header>\n<\/header>\n<div class=\"entry-content clearfix\" readability=\"46\"><img decoding=\"async\" class=\"post_layout_5_img\" src=\"http:\/\/aujourdhui.ma\/wp-content\/uploads\/2016\/04\/Arrestation-Crime-Police-Maroc.jpg?x29840\" alt=\"Casablanca\u00a0: 4 ans de prison pour deux malfrats r\u00e9cidivistes\"\/><\/p>\n<p class=\"p1\"><span class=\"s1\"><span class=\"c4\"><strong>Quatre ans de prison ferme, tel a \u00e9t\u00e9 le verdict rendu par la chambre criminelle pr\u00e8s la Cour d\u2019appel de Casablanca contre chacun de deux malfaiteurs qui ont agress\u00e9 plusieurs victimes pour leur subtiliser tout ce qu\u2019elles portaient sur elles.<\/strong><\/span><\/span><span id=\"more-310543\"\/><\/p>\n<p class=\"p1\"><span class=\"s1\">La majorit\u00e9 de leurs victimes \u00e9tait des jeunes femmes qu\u2019ils mena\u00e7aient avec des couteaux. Le duo, \u00e2g\u00e9 de vingt-quatre et vingt-six ans, qui circulait \u00e0 bord d\u2019un v\u00e9lomoteur parcourait les quatre coins de la capitale \u00e9conomique, m\u00eame la nuit, pour agresser les so\u00fblards qui sortaient des bars. Les deux malfrats, repris de justice, ont ni\u00e9 les charges retenues contre eux alors que leurs victimes les ont reconnus.<\/span><\/p>\n<\/div>\n<p>Auteur: Abderrafii ALOUMLIKI<br \/>\n<a href=\"http:\/\/aujourdhui.ma\/faits-divers\/casablanca-4-ans-de-prison-pour-deux-malfrats-recidivistes\">Cliquez ici pour lire l&rsquo;article depuis sa source.<\/a><\/p>\n","protected":false},"excerpt":{"rendered":"<p>Quatre ans de prison ferme, tel a \u00e9t\u00e9 le verdict rendu par la chambre criminelle pr\u00e8s la Cour d\u2019appel de Casablanca contre chacun de deux malfaiteurs qui ont agress\u00e9 plusieurs victimes pour leur subtiliser tout ce qu\u2019elles portaient sur elles. La majorit\u00e9 de leurs victimes \u00e9tait des jeunes femmes qu\u2019ils mena\u00e7aient avec des couteaux. Le [&hellip;]<\/p>\n","protected":false},"author":1759,"featured_media":0,"comment_status":"closed","ping_status":"closed","sticky":false,"template":"","format":"standard","meta":{"fifu_image_url":"","fifu_image_alt":"","footnotes":""},"categories":[73,54],"tags":[],"class_list":["post-32259","post","type-post","status-publish","format-standard","hentry","category-actualite","category-maroc"],"_links":{"self":[{"href":"https:\/\/linitiative.ca\/International\/wp-json\/wp\/v2\/posts\/32259","targetHints":{"allow":["GET"]}}],"collection":[{"href":"https:\/\/linitiative.ca\/International\/wp-json\/wp\/v2\/posts"}],"about":[{"href":"https:\/\/linitiative.ca\/International\/wp-json\/wp\/v2\/types\/post"}],"author":[{"embeddable":true,"href":"https:\/\/linitiative.ca\/International\/wp-json\/wp\/v2\/users\/1759"}],"replies":[{"embeddable":true,"href":"https:\/\/linitiative.ca\/International\/wp-json\/wp\/v2\/comments?post=32259"}],"version-history":[{"count":0,"href":"https:\/\/linitiative.ca\/International\/wp-json\/wp\/v2\/posts\/32259\/revisions"}],"wp:attachment":[{"href":"https:\/\/linitiative.ca\/International\/wp-json\/wp\/v2\/media?parent=32259"}],"wp:term":[{"taxonomy":"category","embeddable":true,"href":"https:\/\/linitiative.ca\/International\/wp-json\/wp\/v2\/categories?post=32259"},{"taxonomy":"post_tag","embeddable":true,"href":"https:\/\/linitiative.ca\/International\/wp-json\/wp\/v2\/tags?post=32259"}],"curies":[{"name":"wp","href":"https:\/\/api.w.org\/{rel}","templated":true}]}}