{"id":32260,"date":"2019-05-05T04:10:49","date_gmt":"2019-05-05T08:10:49","guid":{"rendered":"https:\/\/linitiative.ca\/International\/des-recitals-de-chant-aux-jeudis-de-lopm\/"},"modified":"2019-05-05T04:10:49","modified_gmt":"2019-05-05T08:10:49","slug":"des-recitals-de-chant-aux-jeudis-de-lopm","status":"publish","type":"post","link":"https:\/\/linitiative.ca\/International\/des-recitals-de-chant-aux-jeudis-de-lopm\/","title":{"rendered":"Des r\u00e9citals de chant aux Jeudis de l\u2019OPM"},"content":{"rendered":"<header>\n<\/header>\n<div class=\"entry-content clearfix\" readability=\"45\"><img decoding=\"async\" class=\"post_layout_5_img\" src=\"http:\/\/aujourdhui.ma\/wp-content\/uploads\/2019\/05\/OPM-Orchestre-Philharmonique-du-Maroc.jpg?x29840\" alt=\"Des r\u00e9citals de chant aux Jeudis de l\u2019OPM\"\/><\/p>\n<p class=\"p1\"><span class=\"s1\"><span class=\"c4\"><strong>Les derniers \u00abJeudis de l\u2019OPM\u00bb (Orchestre Philharmonique du Maroc) dans le cadre de la saison 2018-2019 seront d\u00e9di\u00e9s du 21 mai au 8 juin aux r\u00e9citals de chant.<\/strong><\/span><\/span> <span id=\"more-310532\"\/><\/p>\n<p class=\"p1\"><span class=\"s1\">Selon les initiateurs, c\u2019est le baryton Nacer Noureddine, interpr\u00e8te des m\u00e9lodies et airs d\u2019op\u00e9ra fran\u00e7ais, qui sera accompagn\u00e9, lors de ces concerts, de la pianiste Claudia Dafne Sevilla Carrion. Le 1er concert se tiendra le 21 mai \u00e0 l\u2019\u00e9cole internationale de musique et de danse \u00e0 Casablanca. Celle de Rabat abritera un autre concert le 23 mai.<\/span><\/p>\n<p class=\"p1\"><span class=\"s1\">La derni\u00e8re date de la tourn\u00e9e \u00e9tant le 8 juin au Mus\u00e9e Yves St Laurent \u00e0 Marrakech.<\/span><\/p>\n<\/div>\n<p>Auteur: ALM<br \/>\n<a href=\"http:\/\/aujourdhui.ma\/culture\/musique\/des-recitals-de-chant-aux-jeudis-de-lopm\">Cliquez ici pour lire l&rsquo;article depuis sa source.<\/a><\/p>\n","protected":false},"excerpt":{"rendered":"<p>Les derniers \u00abJeudis de l\u2019OPM\u00bb (Orchestre Philharmonique du Maroc) dans le cadre de la saison 2018-2019 seront d\u00e9di\u00e9s du 21 mai au 8 juin aux r\u00e9citals de chant. Selon les initiateurs, c\u2019est le baryton Nacer Noureddine, interpr\u00e8te des m\u00e9lodies et airs d\u2019op\u00e9ra fran\u00e7ais, qui sera accompagn\u00e9, lors de ces concerts, de la pianiste Claudia Dafne [&hellip;]<\/p>\n","protected":false},"author":1759,"featured_media":0,"comment_status":"closed","ping_status":"closed","sticky":false,"template":"","format":"standard","meta":{"fifu_image_url":"","fifu_image_alt":"","footnotes":""},"categories":[73,54],"tags":[],"class_list":["post-32260","post","type-post","status-publish","format-standard","hentry","category-actualite","category-maroc"],"_links":{"self":[{"href":"https:\/\/linitiative.ca\/International\/wp-json\/wp\/v2\/posts\/32260","targetHints":{"allow":["GET"]}}],"collection":[{"href":"https:\/\/linitiative.ca\/International\/wp-json\/wp\/v2\/posts"}],"about":[{"href":"https:\/\/linitiative.ca\/International\/wp-json\/wp\/v2\/types\/post"}],"author":[{"embeddable":true,"href":"https:\/\/linitiative.ca\/International\/wp-json\/wp\/v2\/users\/1759"}],"replies":[{"embeddable":true,"href":"https:\/\/linitiative.ca\/International\/wp-json\/wp\/v2\/comments?post=32260"}],"version-history":[{"count":0,"href":"https:\/\/linitiative.ca\/International\/wp-json\/wp\/v2\/posts\/32260\/revisions"}],"wp:attachment":[{"href":"https:\/\/linitiative.ca\/International\/wp-json\/wp\/v2\/media?parent=32260"}],"wp:term":[{"taxonomy":"category","embeddable":true,"href":"https:\/\/linitiative.ca\/International\/wp-json\/wp\/v2\/categories?post=32260"},{"taxonomy":"post_tag","embeddable":true,"href":"https:\/\/linitiative.ca\/International\/wp-json\/wp\/v2\/tags?post=32260"}],"curies":[{"name":"wp","href":"https:\/\/api.w.org\/{rel}","templated":true}]}}