{"id":32261,"date":"2019-05-05T06:54:40","date_gmt":"2019-05-05T10:54:40","guid":{"rendered":"https:\/\/linitiative.ca\/International\/merkel-vole-au-secours-des-pays-du-g5-sahel\/"},"modified":"2019-05-05T06:54:40","modified_gmt":"2019-05-05T10:54:40","slug":"merkel-vole-au-secours-des-pays-du-g5-sahel","status":"publish","type":"post","link":"https:\/\/linitiative.ca\/International\/merkel-vole-au-secours-des-pays-du-g5-sahel\/","title":{"rendered":"Merkel vole au secours des pays du G5 Sahel\u2026"},"content":{"rendered":"<p class=\"c4\"><span class=\"c3\"><span class=\"c2\">L<\/span>a chanceli\u00e8re allemande a entam\u00e9, \u00e0 partir de ce mardi, une tourn\u00e9e de trois jours au Burkina-Faso, au Mali et au Niger. Partie au Burkina-Faso pour assister au sommet extraordinaire du G5 Sahel regroupant outre le pays-h\u00f4te, la Mauritanie, le Mali, le Niger et le Tchad, Angela Merkel a profit\u00e9 de ce d\u00e9placement pour rendre visite aux soldats allemands stationn\u00e9s \u00e0 Gao au Mali dans le cadre de la Minusma ainsi qu\u2019\u00e0 la mission europ\u00e9enne \u00abEurcap\u00bb comprenant l\u2019Allemagne et onze autres pays europ\u00e9ens d\u00e9p\u00each\u00e9e au Niger au titre de la formation des forces de s\u00e9curit\u00e9 locales.<\/span><\/p>\n<p class=\"c4\">A son arriv\u00e9e \u00e0 Ouagadougou, premi\u00e8re \u00e9tape de sa tourn\u00e9e, la dirigeante allemande a rencontr\u00e9 le pr\u00e9sident burkinab\u00e9 Roch Marc Christian Kabore ainsi que les autres dirigeants du G5 Sahel\u00a0; \u00e0 savoir, les chefs d\u2019Etat de la Mauritanie, du Mali, du Niger et du Tchad et ce, dans le cadre d\u2019un sommet extraordinaire du G5 qui se tient dans un contexte difficile pour l\u2019ensemble des pays de la r\u00e9gion et principalement pour le pays-h\u00f4te victime, chaque semaine, d\u2019attaques terroristes. La derni\u00e8re en date a eu la semaine derni\u00e8re quand une \u00e9glise a \u00e9t\u00e9 attaqu\u00e9e et qu\u2019un commissariat et une mairie furent incendi\u00e9s.<\/p>\n<p class=\"c4\">Consid\u00e9rant que les aspects \u00e9conomiques et les pr\u00e9occupations s\u00e9curitaires vont de paire dans cette r\u00e9gion du Sahel confront\u00e9e au terrorisme alors que le ch\u00f4mage des jeunes est la voie royale pour le recrutement des jihadistes, Angela Merkel compte r\u00e9server une enveloppe de 46 millions d\u2019euros \u00e0 la lutte contre le terrorisme au Burkina Faso.<\/p>\n<p class=\"c4\">Mais si, sur le plan commercial, l\u2019Allemagne reste bien loin derri\u00e8re les partenaires \u00e9conomiques traditionnels du Burkina Faso, Berlin ambitionne, tout de m\u00eame, d\u2019augmenter le volume de sa coop\u00e9ration avec Ouagadougou conform\u00e9ment au souhait \u00e9mis par le pr\u00e9sident burkinab\u00e9 lors de sa visite \u00e0 Berlin en F\u00e9vrier dernier.<\/p>\n<p class=\"c4\">Ainsi, Christoph Kannengieber, directeur d\u2019Afrika-Verein, une plate-forme regroupant entrepreneurs africains et allemands consid\u00e8re que \u00able voyage de la chanceli\u00e8re est un signal fort du soutien aux pays du G5 Sahel. Et c\u2019est quelque chose que les chefs d\u2019Etat appr\u00e9cieront beaucoup. L\u2019Allemagne s\u2019engage, depuis des ann\u00e9es, avec des moyens financiers et mat\u00e9riels dans la r\u00e9gion. Mais je suis convaincu que les engagements \u00e0 court terme ne suffisent pas mais plut\u00f4t des actions dans la dur\u00e9e\u00bb.<\/p>\n<p class=\"c4\">Soulignant, par ailleurs, l\u2019importance du dossier \u00abs\u00e9curit\u00e9\u00bb et rappelant que, depuis sa mise en place, la force conjointe du G5 Sahel n\u2019est toujours pas v\u00e9ritablement op\u00e9rationnelle puisqu\u2019elle se contente de mener, de temps \u00e0 autre, des actions sporadiques sur le terrain, la chanceli\u00e8re allemande a appel\u00e9 les membres du\u00a0\u00a0G5 Sahel \u00e0 davantage d\u2019unit\u00e9.<\/p>\n<p class=\"c4\">Pour rappel, Mamane Sambo Sidikou, le Secr\u00e9taire permanent du groupe avait d\u00e9j\u00e0 signal\u00e9, en F\u00e9vrier dernier, que la force conjointe du G5 Sahel, dont les besoins sont estim\u00e9s \u00e0 2,4 milliards d\u2019euros, n\u2019a obtenu, pour le moment, que des promesses de la part de certains pays europ\u00e9ens, des Etats-Unis, de la Russie et de la Chine.<\/p>\n<p class=\"c4\">Mais, outre l\u2019aspect strictement militaire, ce sommet a abord\u00e9, \u00e9galement, la probl\u00e9matique du d\u00e9veloppement dans les pays de la r\u00e9gion pour faire du Sahel un espace int\u00e9gr\u00e9 o\u00f9 verront le jour plus de 600 projets n\u00e9cessitant une enveloppe globale de neuf milliards d\u2019euros.<\/p>\n<p class=\"c4\">Les pays du G5 Sahel vont-ils parvenir, avec l\u2019aide de l\u2019Allemagne, \u00e0 \u00e9radiquer le terrorisme dans la r\u00e9gion\u00a0? Attendons pour voir\u2026<\/p>\n<p class=\"c5\"><strong>Nabil El Bousaadi<\/strong><\/p>\n<p>Auteur: rahal mehamed<br \/>\n<a href=\"http:\/\/albayane.press.ma\/merkel-vole-au-secours-des-pays-du-g5-sahel.html\">Cliquez ici pour lire l&rsquo;article depuis sa source.<\/a><\/p>\n","protected":false},"excerpt":{"rendered":"<p>La chanceli\u00e8re allemande a entam\u00e9, \u00e0 partir de ce mardi, une tourn\u00e9e de trois jours au Burkina-Faso, au Mali et au Niger. Partie au Burkina-Faso pour assister au sommet extraordinaire du G5 Sahel regroupant outre le pays-h\u00f4te, la Mauritanie, le Mali, le Niger et le Tchad, Angela Merkel a profit\u00e9 de ce d\u00e9placement pour rendre [&hellip;]<\/p>\n","protected":false},"author":1760,"featured_media":0,"comment_status":"closed","ping_status":"closed","sticky":false,"template":"","format":"standard","meta":{"fifu_image_url":"","fifu_image_alt":"","footnotes":""},"categories":[73,54],"tags":[],"class_list":["post-32261","post","type-post","status-publish","format-standard","hentry","category-actualite","category-maroc"],"_links":{"self":[{"href":"https:\/\/linitiative.ca\/International\/wp-json\/wp\/v2\/posts\/32261","targetHints":{"allow":["GET"]}}],"collection":[{"href":"https:\/\/linitiative.ca\/International\/wp-json\/wp\/v2\/posts"}],"about":[{"href":"https:\/\/linitiative.ca\/International\/wp-json\/wp\/v2\/types\/post"}],"author":[{"embeddable":true,"href":"https:\/\/linitiative.ca\/International\/wp-json\/wp\/v2\/users\/1760"}],"replies":[{"embeddable":true,"href":"https:\/\/linitiative.ca\/International\/wp-json\/wp\/v2\/comments?post=32261"}],"version-history":[{"count":0,"href":"https:\/\/linitiative.ca\/International\/wp-json\/wp\/v2\/posts\/32261\/revisions"}],"wp:attachment":[{"href":"https:\/\/linitiative.ca\/International\/wp-json\/wp\/v2\/media?parent=32261"}],"wp:term":[{"taxonomy":"category","embeddable":true,"href":"https:\/\/linitiative.ca\/International\/wp-json\/wp\/v2\/categories?post=32261"},{"taxonomy":"post_tag","embeddable":true,"href":"https:\/\/linitiative.ca\/International\/wp-json\/wp\/v2\/tags?post=32261"}],"curies":[{"name":"wp","href":"https:\/\/api.w.org\/{rel}","templated":true}]}}