{"id":32265,"date":"2019-05-05T08:08:31","date_gmt":"2019-05-05T12:08:31","guid":{"rendered":"https:\/\/linitiative.ca\/International\/les-deputes-du-pps-au-parlement\/"},"modified":"2019-05-05T08:08:31","modified_gmt":"2019-05-05T12:08:31","slug":"les-deputes-du-pps-au-parlement","status":"publish","type":"post","link":"https:\/\/linitiative.ca\/International\/les-deputes-du-pps-au-parlement\/","title":{"rendered":"Les d\u00e9put\u00e9s du PPS au Parlement"},"content":{"rendered":"<p class=\"c3\"><strong><span class=\"c2\">A\u00efcha Lablak\u00a0\u00a0demande pourquoi un syndicat n\u2019a pas sign\u00e9 l\u2019accord tripartite<\/span><\/strong><\/p>\n<p class=\"c5\"><strong><span class=\"c2\"><img loading=\"lazy\" decoding=\"async\" class=\" wp-image-66033 alignright\" src=\"http:\/\/albayane.press.ma\/wp-content\/uploads\/Lablak-1-230x130.jpg\" alt=\"\" width=\"228\" height=\"129\"\/>T<span class=\"c4\">out en saluant la signature d\u2019un accord tripartite, la pr\u00e9sidente du Groupement parlementaire du Progr\u00e8s et du socialisme \u00e0 la Chambre des repr\u00e9sentants, la d\u00e9put\u00e9e Aicha Lablak a fait remarquer avec regret qu\u2019une des centrales syndicales ne l\u2019a pas fait.<\/span><\/span><\/strong><\/p>\n<p class=\"c5\">Ripostant \u00e0 une r\u00e9ponse du ministre de l\u2019emploi et de l\u2019insertion professionnelle, Mohamed Yatim, lors de la s\u00e9ance des questions orales du 29 avril, la d\u00e9put\u00e9e lui a demand\u00e9 des explications sur le refus de ladite centrale syndicale d\u2019adh\u00e9rer \u00e0 cet accord.<\/p>\n<p class=\"c5\">Elle a soulign\u00e9 aussi que les d\u00e9put\u00e9s du PPS sont parfaitement conscients de l\u2019importance du dialogue social et des accords conclus dans ce cadre pour la sauvegarde de la paix sociale.<\/p>\n<p class=\"c5\">C\u2019est pourquoi, la priorit\u00e9 doit \u00eatre donn\u00e9e aux n\u00e9gociations collectives, tel que soulign\u00e9 par le gouvernement pour immuniser davantage les droits des travailleurs, a-t-elle ajout\u00e9.<\/p>\n<p class=\"c6\"><strong>MT<\/strong><\/p>\n<p class=\"c3\"><span class=\"c2\">***<\/span><\/p>\n<p class=\"c3\"><span class=\"c2\"><strong>Said Nmili: des zones rurales sans eau potable<\/strong><\/span><\/p>\n<p class=\"c5\"><span class=\"c2\"><img loading=\"lazy\" decoding=\"async\" class=\" wp-image-78336 alignright\" src=\"http:\/\/albayane.press.ma\/wp-content\/uploads\/said-nmili-230x130.jpg\" alt=\"\" width=\"219\" height=\"124\"\/>E<\/span><span class=\"c4\">n d\u00e9pit des march\u00e9s publics que l\u2019Office national de l\u2019eau potable avait pourtant sign\u00e9s en 2008 pour approvisionner des communes rurales en eau potable, celles-ci sont toujours confront\u00e9es \u00e0 de nombreuses difficult\u00e9s pour disposer de cette denr\u00e9e vitale, \u00e0 la veille du mois de Ramadan, a affirm\u00e9 le d\u00e9put\u00e9 Said Nmili, membre du Groupement parlementaire du progr\u00e8s et du socialisme \u00e0 la Chambre des repr\u00e9sentants.<\/span><\/p>\n<p class=\"c5\">R\u00e9agissant aux propos du ministre en charge du secteur, lors de la s\u00e9ance des questions orales du 29 avril, le d\u00e9put\u00e9 a rappel\u00e9 que depuis la signature des march\u00e9s par l\u2019ONEP, les chantiers trainent, \u00e0 l\u2019exception de quelques actions partielles d\u2019entretien. Et ce, en d\u00e9pit des demandes r\u00e9p\u00e9t\u00e9es de l\u2019\u00e9lu du PPS d\u2019envoyer sur place des commissions de contr\u00f4le et d\u2019inspection pour mettre fin \u00a0au gaspillage des deniers publics\u00bb.<\/p>\n<p class=\"c5\">Mais ce qui est paradoxal, c\u2019est que m\u00eame des communes situ\u00e9es pr\u00e9s de barrages, comme celle \u00abd\u2019Imkrade\u00bb dans la province d\u2019Essaouira et \u00abde Mkarto Ouled Mhammed\u00bb dans la province de Settat ne sont pas approvisionn\u00e9es en eau potable.<\/p>\n<p class=\"c5\">Les habitants sont contraints d\u2019aller rechercher de l\u2019eau potable tr\u00e8s loin de chez eux. Dans les communes d\u2019Iklife et Ait Daoud (province d\u2019Essaouira) les citernes de trois tonnes d\u2019eau sont vendues aux habitants \u00e0 300 voir 400 Dirhams l\u2019unit\u00e9.<\/p>\n<p class=\"c5\">Si pas loin de Rabat, les communes d\u2019Ouled Mhammed et Mkarto, situ\u00e9es de part et d\u2019autre d\u2019un barrage ne sont pas approvisionn\u00e9es en eau potable, que peut on dire d\u2019autres \u00e0 Tiznit et Rachidia, s\u2019est il interrog\u00e9, appelant le minist\u00e8re concern\u00e9 \u00e0 faire le n\u00e9cessaire en prenant les mesures les plus appropri\u00e9es pour r\u00e9soudre le probl\u00e8me, qui risque de s\u2019aggraver pendant la p\u00e9riode estivale.<\/p>\n<p class=\"c6\"><strong>MT<\/strong><\/p>\n<p>Auteur: rahal mehamed<br \/>\n<a href=\"http:\/\/albayane.press.ma\/les-deputes-du-pps-au-parlement-2.html\">Cliquez ici pour lire l&rsquo;article depuis sa source.<\/a><\/p>\n","protected":false},"excerpt":{"rendered":"<p>A\u00efcha Lablak\u00a0\u00a0demande pourquoi un syndicat n\u2019a pas sign\u00e9 l\u2019accord tripartite Tout en saluant la signature d\u2019un accord tripartite, la pr\u00e9sidente du Groupement parlementaire du Progr\u00e8s et du socialisme \u00e0 la Chambre des repr\u00e9sentants, la d\u00e9put\u00e9e Aicha Lablak a fait remarquer avec regret qu\u2019une des centrales syndicales ne l\u2019a pas fait. Ripostant \u00e0 une r\u00e9ponse du [&hellip;]<\/p>\n","protected":false},"author":1760,"featured_media":32266,"comment_status":"closed","ping_status":"closed","sticky":false,"template":"","format":"standard","meta":{"fifu_image_url":"","fifu_image_alt":"","footnotes":""},"categories":[73,54],"tags":[],"class_list":["post-32265","post","type-post","status-publish","format-standard","has-post-thumbnail","hentry","category-actualite","category-maroc"],"_links":{"self":[{"href":"https:\/\/linitiative.ca\/International\/wp-json\/wp\/v2\/posts\/32265","targetHints":{"allow":["GET"]}}],"collection":[{"href":"https:\/\/linitiative.ca\/International\/wp-json\/wp\/v2\/posts"}],"about":[{"href":"https:\/\/linitiative.ca\/International\/wp-json\/wp\/v2\/types\/post"}],"author":[{"embeddable":true,"href":"https:\/\/linitiative.ca\/International\/wp-json\/wp\/v2\/users\/1760"}],"replies":[{"embeddable":true,"href":"https:\/\/linitiative.ca\/International\/wp-json\/wp\/v2\/comments?post=32265"}],"version-history":[{"count":0,"href":"https:\/\/linitiative.ca\/International\/wp-json\/wp\/v2\/posts\/32265\/revisions"}],"wp:featuredmedia":[{"embeddable":true,"href":"https:\/\/linitiative.ca\/International\/wp-json\/"}],"wp:attachment":[{"href":"https:\/\/linitiative.ca\/International\/wp-json\/wp\/v2\/media?parent=32265"}],"wp:term":[{"taxonomy":"category","embeddable":true,"href":"https:\/\/linitiative.ca\/International\/wp-json\/wp\/v2\/categories?post=32265"},{"taxonomy":"post_tag","embeddable":true,"href":"https:\/\/linitiative.ca\/International\/wp-json\/wp\/v2\/tags?post=32265"}],"curies":[{"name":"wp","href":"https:\/\/api.w.org\/{rel}","templated":true}]}}