{"id":32273,"date":"2019-05-05T05:00:00","date_gmt":"2019-05-05T09:00:00","guid":{"rendered":"https:\/\/linitiative.ca\/International\/la-csa-prepare-un-plan-de-sortie-de-crise\/"},"modified":"2019-05-05T05:00:00","modified_gmt":"2019-05-05T09:00:00","slug":"la-csa-prepare-un-plan-de-sortie-de-crise","status":"publish","type":"post","link":"https:\/\/linitiative.ca\/International\/la-csa-prepare-un-plan-de-sortie-de-crise\/","title":{"rendered":"La CSA pr\u00e9pare un plan de sortie de crise"},"content":{"rendered":"<div id=\"originalText\" readability=\"67\">\n<p class=\"c10\">La Conf\u00e9d\u00e9ration des syndicats alg\u00e9riens (CSA), constitu\u00e9e de 13 syndicats autonomes de divers secteurs de la Fonction publique (administration, \u00e9ducation, sant\u00e9 et enseignement sup\u00e9rieur) et du secteur \u00e9conomique, envisage de lancer une initiative politique de sortie de crise du pays.<\/p>\n<p class=\"c10\">Le projet d\u2019initiative sera expos\u00e9 devant les repr\u00e9sentants du mouvement de la soci\u00e9t\u00e9 civile, lors d\u2019une pr\u00e9-conf\u00e9rence nationale ou rencontre pr\u00e9liminaire destin\u00e9e \u00e0 d\u00e9fricher le terrain dont la date a \u00e9t\u00e9 fix\u00e9e pour le 11 mai prochain, par les dirigeants syndicaux r\u00e9unis, hier, sous l\u2019\u00e9gide du bureau f\u00e9d\u00e9ral de la CSA. Et ce, apr\u00e8s avoir fait l\u2019objet de discussions qui ont permis d\u2019apporter les derni\u00e8res retouches au projet de document \u00e9labor\u00e9 par une commission ad hoc mise sur pied depuis un temps d\u00e9j\u00e0.<br \/>Le coordinateur de la CSA, Sadek Dziri, a soulign\u00e9, hier, que le choix de laisser le d\u00e9bat ouvert \u00e0 cette conf\u00e9rence, s\u2019explique par le souci de \u201claisser \u00e9merger d\u2019autres id\u00e9es pour enrichir l\u2019initiative, mais aussi d\u2019arriver avec le mouvement de la soci\u00e9t\u00e9 civile \u00e0 adopter la m\u00eame initiative\u201d. Dans ce cadre, a-t-il dit encore, \u201cil y aura la mise en place d\u2019une commission dont le r\u00f4le est de sortir avec une initiative consensuelle\u201d.<\/p>\n<p class=\"c10\">Dans la perspective de cette conf\u00e9rence nationale, la CSA a pris attache avec d\u2019autres associations de la soci\u00e9t\u00e9 civile, notamment le collectif de la soci\u00e9t\u00e9 civile, pour une sortie de crise pacifique qui comprend une trentaine d\u2019associations et a, \u00e0 son actif, \u201cla feuille de route pour l\u2019instauration de la nouvelle R\u00e9publique\u201d, mais aussi avec un autre espace qui englobe quelque 70 associations.<br \/>\u00a0<\/p>\n<p class=\"c11\"><strong>AMAR R.<\/strong><\/p>\n<\/div>\n<div id=\"text_core\" readability=\"67\">\n<p class=\"c10\">La Conf\u00e9d\u00e9ration des syndicats alg\u00e9riens (CSA), constitu\u00e9e de 13 syndicats autonomes de divers secteurs de la Fonction publique (administration, \u00e9ducation, sant\u00e9 et enseignement sup\u00e9rieur) et du secteur \u00e9conomique, envisage de lancer une initiative politique de sortie de crise du pays.<\/p>\n<p class=\"c10\">Le projet d\u2019initiative sera expos\u00e9 devant les repr\u00e9sentants du mouvement de la soci\u00e9t\u00e9 civile, lors d\u2019une pr\u00e9-conf\u00e9rence nationale ou rencontre pr\u00e9liminaire destin\u00e9e \u00e0 d\u00e9fricher le terrain dont la date a \u00e9t\u00e9 fix\u00e9e pour le 11 mai prochain, par les dirigeants syndicaux r\u00e9unis, hier, sous l\u2019\u00e9gide du bureau f\u00e9d\u00e9ral de la CSA. Et ce, apr\u00e8s avoir fait l\u2019objet de discussions qui ont permis d\u2019apporter les derni\u00e8res retouches au projet de document \u00e9labor\u00e9 par une commission ad hoc mise sur pied depuis un temps d\u00e9j\u00e0.<br \/>Le coordinateur de la CSA, Sadek Dziri, a soulign\u00e9, hier, que le choix de laisser le d\u00e9bat ouvert \u00e0 cette conf\u00e9rence, s\u2019explique par le souci de \u201claisser \u00e9merger d\u2019autres id\u00e9es pour enrichir l\u2019initiative, mais aussi d\u2019arriver avec le mouvement de la soci\u00e9t\u00e9 civile \u00e0 adopter la m\u00eame initiative\u201d. Dans ce cadre, a-t-il dit encore, \u201cil y aura la mise en place d\u2019une commission dont le r\u00f4le est de sortir avec une initiative consensuelle\u201d.<\/p>\n<p class=\"c10\">Dans la perspective de cette conf\u00e9rence nationale, la CSA a pris attache avec d\u2019autres associations de la soci\u00e9t\u00e9 civile, notamment le collectif de la soci\u00e9t\u00e9 civile, pour une sortie de crise pacifique qui comprend une trentaine d\u2019associations et a, \u00e0 son actif, \u201cla feuille de route pour l\u2019instauration de la nouvelle R\u00e9publique\u201d, mais aussi avec un autre espace qui englobe quelque 70 associations.<br \/>\u00a0<\/p>\n<p class=\"c11\"><strong>AMAR R.<\/strong><\/p>\n<\/div>\n<p>Auteur:<br \/>\n<a href=\"https:\/\/www.liberte-algerie.com\/actualite\/la-csa-prepare-un-plan-de-sortie-de-crise-315144\">Cliquez ici pour lire l&rsquo;article depuis sa source.<\/a><\/p>\n","protected":false},"excerpt":{"rendered":"<p>La Conf\u00e9d\u00e9ration des syndicats alg\u00e9riens (CSA), constitu\u00e9e de 13 syndicats autonomes de divers secteurs de la Fonction publique (administration, \u00e9ducation, sant\u00e9 et enseignement sup\u00e9rieur) et du secteur \u00e9conomique, envisage de lancer une initiative politique de sortie de crise du pays. Le projet d\u2019initiative sera expos\u00e9 devant les repr\u00e9sentants du mouvement de la soci\u00e9t\u00e9 civile, lors [&hellip;]<\/p>\n","protected":false},"author":1742,"featured_media":0,"comment_status":"closed","ping_status":"closed","sticky":false,"template":"","format":"standard","meta":{"fifu_image_url":"","fifu_image_alt":"","footnotes":""},"categories":[73,53],"tags":[],"class_list":["post-32273","post","type-post","status-publish","format-standard","hentry","category-actualite","category-algerie"],"_links":{"self":[{"href":"https:\/\/linitiative.ca\/International\/wp-json\/wp\/v2\/posts\/32273","targetHints":{"allow":["GET"]}}],"collection":[{"href":"https:\/\/linitiative.ca\/International\/wp-json\/wp\/v2\/posts"}],"about":[{"href":"https:\/\/linitiative.ca\/International\/wp-json\/wp\/v2\/types\/post"}],"author":[{"embeddable":true,"href":"https:\/\/linitiative.ca\/International\/wp-json\/wp\/v2\/users\/1742"}],"replies":[{"embeddable":true,"href":"https:\/\/linitiative.ca\/International\/wp-json\/wp\/v2\/comments?post=32273"}],"version-history":[{"count":0,"href":"https:\/\/linitiative.ca\/International\/wp-json\/wp\/v2\/posts\/32273\/revisions"}],"wp:attachment":[{"href":"https:\/\/linitiative.ca\/International\/wp-json\/wp\/v2\/media?parent=32273"}],"wp:term":[{"taxonomy":"category","embeddable":true,"href":"https:\/\/linitiative.ca\/International\/wp-json\/wp\/v2\/categories?post=32273"},{"taxonomy":"post_tag","embeddable":true,"href":"https:\/\/linitiative.ca\/International\/wp-json\/wp\/v2\/tags?post=32273"}],"curies":[{"name":"wp","href":"https:\/\/api.w.org\/{rel}","templated":true}]}}