{"id":32274,"date":"2019-05-05T07:18:00","date_gmt":"2019-05-05T11:18:00","guid":{"rendered":"https:\/\/linitiative.ca\/International\/les-etudiants-imposent-leur-marche-a-alger\/"},"modified":"2019-05-05T07:18:00","modified_gmt":"2019-05-05T11:18:00","slug":"les-etudiants-imposent-leur-marche-a-alger","status":"publish","type":"post","link":"https:\/\/linitiative.ca\/International\/les-etudiants-imposent-leur-marche-a-alger\/","title":{"rendered":"Les \u00e9tudiants imposent leur marche \u00e0 Alger"},"content":{"rendered":"<div id=\"originalText\" readability=\"52\">\n<p>Plusieurs centaines d&rsquo;\u00e9tudiants manifestent ce dimanche 05 mai \u00e0 Alger-Centre, pour r\u00e9clamer le d\u00e9part du syst\u00e8me.<\/p>\n<p>Les \u00e9tudiants, qui ont entam\u00e9 leur marche \u00e0 partir de la fac centrale, ont \u00e9t\u00e9 emp\u00each\u00e9s par les forces de l&rsquo;ordre d&rsquo;atteindre\u00a0l&rsquo;esplanade de la Grande Poste.<\/p>\n<p>Dans leurs slogans, les manifestants ont d\u00e9nonc\u00e9 la r\u00e9pression polici\u00e8re, tout en insistant sur le caract\u00e8re \u00ab\u00a0pacifique\u00a0\u00bb de la marche, et appelant \u00e0 \u00ab\u00a0une justice libre et transitionnelle\u00a0\u00bb.<\/p>\n<p>Plusieurs banderoles ont \u00e9t\u00e9 \u00e9galement port\u00e9es par les \u00e9tudiants, et sur lesquelles on peut notamment lire \u00ab\u00a0ne pas finir notre r\u00e9volution est plus dangereux que de ne l&rsquo;avoir jamais commenc\u00e9\u00a0\u00bb.\u00a0<\/p>\n<p>La manifestation se poursuit toujours en ce d\u00e9but d&rsquo;apr\u00e8s-midi.\u00a0<\/p>\n<p><iframe loading=\"lazy\" allow=\"accelerometer; autoplay; encrypted-media; gyroscope; picture-in-picture\" allowfullscreen=\"\" frameborder=\"0\" height=\"315\" src=\"https:\/\/www.youtube.com\/embed\/HzZtYnv3NXg\" width=\"560\">[embedded content]<\/iframe><\/p>\n<p class=\"c10\"><strong>R\u00e9daction Web<\/strong><\/p>\n<\/div>\n<div id=\"text_core\" readability=\"52\">\n<p>Plusieurs centaines d&rsquo;\u00e9tudiants manifestent ce dimanche 05 mai \u00e0 Alger-Centre, pour r\u00e9clamer le d\u00e9part du syst\u00e8me.<\/p>\n<p>Les \u00e9tudiants, qui ont entam\u00e9 leur marche \u00e0 partir de la fac centrale, ont \u00e9t\u00e9 emp\u00each\u00e9s par les forces de l&rsquo;ordre d&rsquo;atteindre\u00a0l&rsquo;esplanade de la Grande Poste.<\/p>\n<p>Dans leurs slogans, les manifestants ont d\u00e9nonc\u00e9 la r\u00e9pression polici\u00e8re, tout en insistant sur le caract\u00e8re \u00ab\u00a0pacifique\u00a0\u00bb de la marche, et appelant \u00e0 \u00ab\u00a0une justice libre et transitionnelle\u00a0\u00bb.<\/p>\n<p>Plusieurs banderoles ont \u00e9t\u00e9 \u00e9galement port\u00e9es par les \u00e9tudiants, et sur lesquelles on peut notamment lire \u00ab\u00a0ne pas finir notre r\u00e9volution est plus dangereux que de ne l&rsquo;avoir jamais commenc\u00e9\u00a0\u00bb.\u00a0<\/p>\n<p>La manifestation se poursuit toujours en ce d\u00e9but d&rsquo;apr\u00e8s-midi.\u00a0<\/p>\n<p><iframe loading=\"lazy\" allow=\"accelerometer; autoplay; encrypted-media; gyroscope; picture-in-picture\" allowfullscreen=\"\" frameborder=\"0\" height=\"315\" src=\"https:\/\/www.youtube.com\/embed\/HzZtYnv3NXg\" width=\"560\">[embedded content]<\/iframe><\/p>\n<p class=\"c10\"><strong>R\u00e9daction Web<\/strong><\/p>\n<\/div>\n<p>Auteur:<br \/>\n<a href=\"https:\/\/www.liberte-algerie.com\/actualite\/les-etudiants-imposent-leur-marche-a-alger-315217\">Cliquez ici pour lire l&rsquo;article depuis sa source.<\/a><\/p>\n","protected":false},"excerpt":{"rendered":"<p>Plusieurs centaines d&rsquo;\u00e9tudiants manifestent ce dimanche 05 mai \u00e0 Alger-Centre, pour r\u00e9clamer le d\u00e9part du syst\u00e8me. Les \u00e9tudiants, qui ont entam\u00e9 leur marche \u00e0 partir de la fac centrale, ont \u00e9t\u00e9 emp\u00each\u00e9s par les forces de l&rsquo;ordre d&rsquo;atteindre\u00a0l&rsquo;esplanade de la Grande Poste. Dans leurs slogans, les manifestants ont d\u00e9nonc\u00e9 la r\u00e9pression polici\u00e8re, tout en insistant [&hellip;]<\/p>\n","protected":false},"author":1742,"featured_media":0,"comment_status":"closed","ping_status":"closed","sticky":false,"template":"","format":"standard","meta":{"fifu_image_url":"","fifu_image_alt":"","footnotes":""},"categories":[73,53],"tags":[],"class_list":["post-32274","post","type-post","status-publish","format-standard","hentry","category-actualite","category-algerie"],"_links":{"self":[{"href":"https:\/\/linitiative.ca\/International\/wp-json\/wp\/v2\/posts\/32274","targetHints":{"allow":["GET"]}}],"collection":[{"href":"https:\/\/linitiative.ca\/International\/wp-json\/wp\/v2\/posts"}],"about":[{"href":"https:\/\/linitiative.ca\/International\/wp-json\/wp\/v2\/types\/post"}],"author":[{"embeddable":true,"href":"https:\/\/linitiative.ca\/International\/wp-json\/wp\/v2\/users\/1742"}],"replies":[{"embeddable":true,"href":"https:\/\/linitiative.ca\/International\/wp-json\/wp\/v2\/comments?post=32274"}],"version-history":[{"count":0,"href":"https:\/\/linitiative.ca\/International\/wp-json\/wp\/v2\/posts\/32274\/revisions"}],"wp:attachment":[{"href":"https:\/\/linitiative.ca\/International\/wp-json\/wp\/v2\/media?parent=32274"}],"wp:term":[{"taxonomy":"category","embeddable":true,"href":"https:\/\/linitiative.ca\/International\/wp-json\/wp\/v2\/categories?post=32274"},{"taxonomy":"post_tag","embeddable":true,"href":"https:\/\/linitiative.ca\/International\/wp-json\/wp\/v2\/tags?post=32274"}],"curies":[{"name":"wp","href":"https:\/\/api.w.org\/{rel}","templated":true}]}}