{"id":32282,"date":"2019-05-05T04:51:59","date_gmt":"2019-05-05T08:51:59","guid":{"rendered":"https:\/\/linitiative.ca\/International\/la-protection-du-droit-dauteur-dans-la-presse-electronique-au-centre-dune-journee-detude-a-marrakech\/"},"modified":"2019-05-05T04:51:59","modified_gmt":"2019-05-05T08:51:59","slug":"la-protection-du-droit-dauteur-dans-la-presse-electronique-au-centre-dune-journee-detude-a-marrakech","status":"publish","type":"post","link":"https:\/\/linitiative.ca\/International\/la-protection-du-droit-dauteur-dans-la-presse-electronique-au-centre-dune-journee-detude-a-marrakech\/","title":{"rendered":"La protection du droit d\u2019auteur dans la presse \u00e9lectronique, au centre d\u2019une journ\u00e9e d\u2019\u00e9tude \u00e0 Marrakech"},"content":{"rendered":"<div readability=\"38\">\n<p>Marrakech- \u00ab\u00a0La protection du droit d\u2019auteur dans la presse \u00e9lectronique : entre approche juridique et d\u00e9ontologique\u00a0\u00bb, a \u00e9t\u00e9 le th\u00e8me d\u2019une journ\u00e9e d\u2019\u00e9tude organis\u00e9e, r\u00e9cemment dans la cit\u00e9 ocre, par la direction r\u00e9gionale Marrakech-Safi du minist\u00e8re de la Culture et de la Communication (D\u00e9partement de la Communication).<\/p>\n<\/div>\n<div readability=\"120\">\n<p>Initi\u00e9e en partenariat avec la Chambre d\u2019Industrie, de Commerce et de Services de la r\u00e9gion dans le cadre de la c\u00e9l\u00e9bration de la journ\u00e9e mondiale de la libert\u00e9 de la presse et de la journ\u00e9e mondiale du livre et du droit d\u2019auteur, cette rencontre avait pour objectif d\u2019approfondir la r\u00e9flexion autour des moyens efficients pour la pr\u00e9servation du droit d\u2019auteur.<\/p>\n<p>En d\u2019autre termes, il s\u2019agissait de mettre l\u2019accent sur l\u2019importance que repr\u00e9sente cette protection en ce qui concerne les droits intellectuels, moraux et mat\u00e9riels du journaliste professionnel et du journal \u00e9lectronique, l\u2019am\u00e9lioration et la diversification des contenus m\u00e9diatiques de mani\u00e8re \u00e0 refl\u00e9ter une v\u00e9ritable pluralit\u00e9 des courants de pens\u00e9e et d\u2019opinion.<\/p>\n<p>A cette occasion, le directeur r\u00e9gional du d\u00e9partement de la Communication au niveau de la r\u00e9gion de Marrakech-Safi, Abdelmajid Abada, a indiqu\u00e9 que la presse \u00e9lectronique a ouvert de nouveaux horizons pour l\u2019expression et l\u2019\u00e9change d\u2019informations, ajoutant qu\u2019elle a aussi servi de valeur ajout\u00e9e qualitative et repr\u00e9sent\u00e9 une r\u00e9volution dans le monde de l\u2019\u00e9dition, vu la rapidit\u00e9 et la c\u00e9l\u00e9rit\u00e9 qui caract\u00e9risent ces supports m\u00e9diatiques dans la transmission et la diffusion des informations.<\/p>\n<p>Il a, par ailleurs, relev\u00e9 que la presse \u00e9lectronique et ses dysfonctionnements soul\u00e8vent une s\u00e9rie d\u2019interrogations, notamment celles ayant trait au non-respect des droits de l\u2019\u00e9dition et de la propri\u00e9t\u00e9 intellectuelle, ce qui a pouss\u00e9 plusieurs voix \u00e0 monter au cr\u00e9neau et \u00e0 plaider en faveur de l\u2019application stricte de la loi pour mettre un terme aux diff\u00e9rentes violations de ces droits et de la sanction de tout contrevenant.<\/p>\n<p>Il a aussi estim\u00e9 que le chantier de la mise \u00e0 niveau de la presse \u00e9lectronique est ouvert \u00e0 plusieurs niveaux, notant que cette \u0153uvre s\u2019annonce difficile eu \u00e9gard aux d\u00e9fis \u00e0 relever dans ce domaine, notamment ceux se rapportant au mod\u00e8le \u00e9conomique et \u00e0 la situation financi\u00e8re vuln\u00e9rable de l\u2019entreprise journalistique, au contenu, \u00e0 la d\u00e9ontologie de la profession et au respect du droit d\u2019auteur dans un contexte marqu\u00e9 par une \u00e9volution technologique rapide.<\/p>\n<p>De son c\u00f4t\u00e9, le professeur et journaliste Abdelmajid El Kabbas a pr\u00e9cis\u00e9 que la probl\u00e9matique de la propri\u00e9t\u00e9 intellectuelle et du droit d\u2019auteur se pose aujourd\u2019hui avec acuit\u00e9 dans un contexte totalement diff\u00e9rent marqu\u00e9 par une s\u00e9rie de mutations, soulignant que les technologies de communication ne constituent plus de simples moyens de communication et d\u2019interaction avec autrui, mais elles sont devenues de v\u00e9ritables forces anthropologique et interpr\u00e9tative qui constituent la r\u00e9alit\u00e9 intellectuelle et mat\u00e9rielle.<\/p>\n<p>Il a fait remarquer que la question de la propri\u00e9t\u00e9 intellectuelle et du droit d\u2019auteur dans la presse \u00e9lectronique est intimement li\u00e9e aux d\u00e9fis pos\u00e9s par le passage du syst\u00e8me analogique vers le num\u00e9rique, ce qui a, a-t-il expliqu\u00e9, donn\u00e9 lieu \u00e0 une croissance excessive des espaces d\u2019information, avec \u00e0 leur t\u00eate la presse \u00e9lectronique et les r\u00e9seaux sociaux, et engendr\u00e9 de nouveaux ph\u00e9nom\u00e8nes li\u00e9s \u00e0 la republication et la r\u00e9\u00e9dition des articles, des images et des vid\u00e9os sans en conna\u00eetre l\u2019origine ou la source.<\/p>\n<p>Dans son expos\u00e9, le chef du d\u00e9partement ext\u00e9rieur du Bureau Marocain du Droit d\u2019Auteur (BMDA), Mohamed Ferindi a, quant \u00e0 lui, mis l\u2019accent sur les indicateurs du droit d\u2019auteur et droits voisins et les violations enregistr\u00e9es dans le domaine de la presse \u00e9lectronique, avant de passer en revue l\u2019\u00e9volution sur le plan l\u00e9gislatif de la question du droit d\u2019auteur et le renforcement des lois marocaines ayant trait aux mesures de protection des droits de la propri\u00e9t\u00e9 intellectuelle.<\/p>\n<p>Et d\u2019ajouter que le monde de la presse \u00e9lectronique est un domaine difficile \u00e0 contr\u00f4ler puisqu\u2019il exige d\u2019\u00e9normes ressources humaines et logistiques, ce qui ouvre la voie seulement \u00e0 la prise de mesures pr\u00e9ventives et punitives.<\/p>\n<p>Lors de cette rencontre, les d\u00e9bats se sont articul\u00e9s autour de plusieurs th\u00e8mes portant, entre autres, sur \u00ab\u00a0l\u2019aspect d\u00e9ontologique en mati\u00e8re de protection du droit d\u2019auteur dans la presse \u00e9lectronique et des exemples des infractions commises\u00a0\u00bb et sur \u00ab\u00a0les lois et l\u00e9gislations relatives au droit d\u2019auteur notamment dans les domaines de la presse et de l\u2019\u00e9dition\u00a0\u00bb.<\/p>\n<p>Cette journ\u00e9e d\u2019\u00e9tude a aussi offert l\u2019occasion aux journalistes professionnels de la r\u00e9gion de Marrakech-Safi de mieux conna\u00eetre les m\u00e9canismes de protection du droit d\u2019auteur, ainsi que les diff\u00e9rents moyens de leur mise en \u0153uvre.<\/p>\n<\/div>\n<p>Auteur: Mohammed KOURSI<br \/>\n<a href=\"http:\/\/www.mapmarrakech.ma\/fr\/la-protection-du-droit-dauteur-dans-la-presse-electronique-au-centre-dune-journee-detude-a-marrakech\/\">Cliquez ici pour lire l&rsquo;article depuis sa source.<\/a><\/p>\n","protected":false},"excerpt":{"rendered":"<p>Marrakech- \u00ab\u00a0La protection du droit d\u2019auteur dans la presse \u00e9lectronique : entre approche juridique et d\u00e9ontologique\u00a0\u00bb, a \u00e9t\u00e9 le th\u00e8me d\u2019une journ\u00e9e d\u2019\u00e9tude organis\u00e9e, r\u00e9cemment dans la cit\u00e9 ocre, par la direction r\u00e9gionale Marrakech-Safi du minist\u00e8re de la Culture et de la Communication (D\u00e9partement de la Communication). Initi\u00e9e en partenariat avec la Chambre d\u2019Industrie, de [&hellip;]<\/p>\n","protected":false},"author":1788,"featured_media":0,"comment_status":"closed","ping_status":"closed","sticky":false,"template":"","format":"standard","meta":{"fifu_image_url":"","fifu_image_alt":"","footnotes":""},"categories":[54,76],"tags":[],"class_list":["post-32282","post","type-post","status-publish","format-standard","hentry","category-maroc","category-regions"],"_links":{"self":[{"href":"https:\/\/linitiative.ca\/International\/wp-json\/wp\/v2\/posts\/32282","targetHints":{"allow":["GET"]}}],"collection":[{"href":"https:\/\/linitiative.ca\/International\/wp-json\/wp\/v2\/posts"}],"about":[{"href":"https:\/\/linitiative.ca\/International\/wp-json\/wp\/v2\/types\/post"}],"author":[{"embeddable":true,"href":"https:\/\/linitiative.ca\/International\/wp-json\/wp\/v2\/users\/1788"}],"replies":[{"embeddable":true,"href":"https:\/\/linitiative.ca\/International\/wp-json\/wp\/v2\/comments?post=32282"}],"version-history":[{"count":0,"href":"https:\/\/linitiative.ca\/International\/wp-json\/wp\/v2\/posts\/32282\/revisions"}],"wp:attachment":[{"href":"https:\/\/linitiative.ca\/International\/wp-json\/wp\/v2\/media?parent=32282"}],"wp:term":[{"taxonomy":"category","embeddable":true,"href":"https:\/\/linitiative.ca\/International\/wp-json\/wp\/v2\/categories?post=32282"},{"taxonomy":"post_tag","embeddable":true,"href":"https:\/\/linitiative.ca\/International\/wp-json\/wp\/v2\/tags?post=32282"}],"curies":[{"name":"wp","href":"https:\/\/api.w.org\/{rel}","templated":true}]}}