{"id":32283,"date":"2019-05-05T05:18:15","date_gmt":"2019-05-05T09:18:15","guid":{"rendered":"https:\/\/linitiative.ca\/International\/un-groupe-dambassadeurs-etrangers-prend-connaissance-des-potentialites-historiques-et-civilisationnelles-dessaouira\/"},"modified":"2019-05-05T05:18:15","modified_gmt":"2019-05-05T09:18:15","slug":"un-groupe-dambassadeurs-etrangers-prend-connaissance-des-potentialites-historiques-et-civilisationnelles-dessaouira","status":"publish","type":"post","link":"https:\/\/linitiative.ca\/International\/un-groupe-dambassadeurs-etrangers-prend-connaissance-des-potentialites-historiques-et-civilisationnelles-dessaouira\/","title":{"rendered":"Un groupe d\u2019ambassadeurs \u00e9trangers prend connaissance des potentialit\u00e9s historiques et civilisationnelles d\u2019Essaouira"},"content":{"rendered":"<div readability=\"40\">\n<p>Essaouira- Un groupe d\u2019ambassadeurs issus d\u2019une vingtaine de pays et nouvellement accr\u00e9dit\u00e9s au Maroc ont fait le d\u00e9placement, samedi \u00e0 Essaouira, en vue de prendre connaissance des diff\u00e9rentes potentialit\u00e9s historiques, culturelles, architecturales et civilisationnelles que rec\u00e8le cette cit\u00e9, et qui forment sa singularit\u00e9 en mati\u00e8re de coexistence pacifique et du vivre- ensemble.<\/p>\n<\/div>\n<div readability=\"161\">\n<p>A travers cette visite, qui intervient dans le cadre d\u2019un voyage organis\u00e9 au profit de ces diplomates dans les villes de Jorf Lasfar, Essaouira, Safi et El Jadida, la Fondation Diplomatique, initiatrice de cette action, se fixe pour mission de faire connaitre aux ambassadeurs \u00e9trangers l\u2019h\u00e9ritage arabo-andalous, et de mettre en avant l\u2019ancrage et l\u2019enracinement si profond des valeurs de paix, de tol\u00e9rance, d\u2019ouverture, de partage et de coexistence pacifique qui caract\u00e9risent le Royaume depuis de longs si\u00e8cles.<\/p>\n<p>Ainsi, les ambassadeurs se sont rendus \u00e0 la Place Moulay El Hassan, avant de visiter le port et la Sekala du port, o\u00f9 des explications leur ont \u00e9t\u00e9 fournies sur l\u2019histoire, la port\u00e9e et les r\u00f4les \u00e9conomique, social et diplomatique qu\u2019avait jou\u00e9 le port de Mogador dans le rayonnement de la cit\u00e9 des aliz\u00e9s \u00e0 travers l\u2019histoire.<\/p>\n<p>Par la suite, le groupe des diplomates s\u2019est rendu \u00e0 la Galerie El Mezah, o\u00f9 il a pu appr\u00e9cier une exposition permanente des c\u00e9ramiques marocaines de Roggero Gian Giocomi (1930- 2006), avant de visiter la Seqqala de la ville, l\u2019un des sites les plus embl\u00e9matiques de la cit\u00e9 des aliz\u00e9s.<\/p>\n<p>Les ambassadeurs ont \u00e9galement visit\u00e9 le Mus\u00e9e Sidi Mohammed Ben Abdellah, occasion de d\u00e9couvrir les diff\u00e9rentes potentialit\u00e9s et richesses que rec\u00e8le la ville d\u2019Essaouira et ses r\u00e9gions avoisinantes, ainsi qu\u2019un legs historique et civilisationnel qui date de plusieurs si\u00e8cles et fait toute la singularit\u00e9 et la splendeur de cette cit\u00e9 antique du Maroc Atlantique.<\/p>\n<p>Par la suite, la d\u00e9l\u00e9gation des ambassadeurs s\u2019est rendue \u00e0 Bayt Dakira (Maison de M\u00e9moire) en cours d\u2019ach\u00e8vement, un projet phare port\u00e9 par l\u2019Association Essaouira-Mogador, et le minist\u00e8re de la Culture et de la Communication.<\/p>\n<p>Bayt Dakira, explique-t-on, se veut un espace tr\u00e8s singulier aussi bien au Maroc que dans le monde car, bas\u00e9 sur le choix d\u2019inter-acter et d\u2019interagir la spiritualit\u00e9 avec la Synagogue Slat Attia qui a \u00e9t\u00e9 restaur\u00e9e, la m\u00e9moire et l\u2019histoire, et puis la recherche scientifique, avec un Centre international de recherche pour revisiter les relations entre islam et juda\u00efsme.<\/p>\n<p>Au terme de cette visite, les ambassadeurs \u00e9trangers se sont rendus \u00e0 la coop\u00e9rative \u2018\u2019Marjana\u2019\u2019 d\u2019extraction de l\u2019huile d\u2019Argan, o\u00fb ils ont pu d\u00e9couvrir et s\u2019arr\u00eater sur les diff\u00e9rentes \u00e9tapes de production de cette huile naturelle.<\/p>\n<p>Par la m\u00eame occasion, ils ont visit\u00e9 un show-room o\u00f9 sont expos\u00e9s les diff\u00e9rents produits \u00e0 base d\u2019argan, notamment les produits cosm\u00e9tiques et autres d\u00e9riv\u00e9s.<\/p>\n<p>Approch\u00e9 par la MAP, le pr\u00e9sident de la Fondation Diplomatique, M. Abdelati Habek, a indiqu\u00e9 que cette visite se veut l\u2019occasion pour les diplomates de prendre connaissance de l\u2019h\u00e9ritage historique dont jouit le Maroc en mati\u00e8re de tol\u00e9rance, de coexistence pacifique et de dialogue des civilisations et des religions.<\/p>\n<p>La tol\u00e9rance et le vivre-ensemble qui singularisent le Maroc ne datent pas d\u2019aujourd\u2019hui mais se trouvent ancr\u00e9s dans l\u2019histoire et les traditions, a-t-il dit, notant que les ambassadeurs ont \u00e9t\u00e9 tellement fascin\u00e9s par la visite de Bayt Dakira, compte tenu de sa valeur historique et acad\u00e9mique et une illustration de la capilarit\u00e9 la plus \u00e9troite qui, de tout temps, existe entre Islam et Juda\u00efsme.<\/p>\n<p>Jean Cristophe Bertrand, secr\u00e9taire g\u00e9n\u00e9ral de la Fondation Diplomatique, a fait savoir que cette visite a \u00e9t\u00e9 l\u2019occasion de faire d\u00e9couvrir aux ambassadeurs nouvellement accr\u00e9dit\u00e9s au Maroc, le patrimoine mill\u00e9naire de la r\u00e9gion d\u2019Essaouira, notant que l\u2019accent a \u00e9t\u00e9 mis lors de ce d\u00e9placement sur l\u2019h\u00e9ritage ancien de la cit\u00e9 des Aliz\u00e9s, notamment celui interculturel, et la vie en communaut\u00e9 entre les diff\u00e9rentes religions monoth\u00e9istes.<\/p>\n<p>Mohamed Abdelrassoul, ambassadeur du Tchad au Maroc et doyen du groupe des ambassadeurs en visite \u00e0 Essaouira, a dit toute sa joie et sa grande fiert\u00e9 de se retrouver dans cette ville embl\u00e9matique du Maroc, louant au passage l\u2019importance du travail accompli par la Fondation Diplomatique et la chance qu\u2019elle offre aux diplomates de d\u00e9couvrir le Maroc profond.<\/p>\n<p>\u00ab\u00a0Je suis tr\u00e8s impressionn\u00e9 par la richesse et la singularit\u00e9 de cette belle cit\u00e9. Le Maroc reste bien \u00e9videmment un monument, un pays s\u00e9culaire riche d\u2019histoires et de civilisations et un havre de paix et de coexistence pacifique depuis de longs si\u00e8cles\u00a0\u00bb, s\u2019est-il f\u00e9licit\u00e9, relevant que \u00ab\u00a0c\u2019est cette belle image du vivre-ensemble et de coexistence pacifique entre les religions qu\u2019offre le Maroc dont nous avons besoin actuellement dans un monde en proie \u00e0 l\u2019extr\u00e9misme violent et \u00e0 la violence\u00a0\u00bb.<\/p>\n<p>Mme Zhor Amhaouch, directrice provinciale de la Culture, s\u2019est dite tr\u00e8s honor\u00e9e de cette visite de diplomates \u00e9trangers \u00e0 Essaouira, qui a \u00e9t\u00e9 l\u2019occasion pour d\u00e9couvrir cette vocation culturelle, artistique, et architecturale de la cit\u00e9 des Aliz\u00e9s, mais aussi pour s\u2019arr\u00eater sur les diff\u00e9rents projets de r\u00e9habilitation et de mise \u00e0 niveau de la M\u00e9dina qui figurent au rang des priorit\u00e9s du minist\u00e8re de la culture dans le cadre de ses efforts visant la pr\u00e9servation du patrimoine mat\u00e9riel et immat\u00e9riel de la ville.<\/p>\n<p>Gr\u00e2ce \u00e0 ses diff\u00e9rentes potentialit\u00e9s riches et singuli\u00e8res, la ville d\u2019Essaouira a eu le m\u00e9rite d\u2019\u00eatre class\u00e9e patrimoine universel de l\u2019humanit\u00e9 par l\u2019UNESCO, a-t-elle rappel\u00e9.<\/p>\n<\/div>\n<p>Auteur: Mohammed KOURSI<br \/>\n<a href=\"http:\/\/www.mapmarrakech.ma\/fr\/un-groupe-dambassadeurs-etrangers-prend-connaissance-des-potentialites-historiques-et-civilisationnelles-dessaouira\/\">Cliquez ici pour lire l&rsquo;article depuis sa source.<\/a><\/p>\n","protected":false},"excerpt":{"rendered":"<p>Essaouira- Un groupe d\u2019ambassadeurs issus d\u2019une vingtaine de pays et nouvellement accr\u00e9dit\u00e9s au Maroc ont fait le d\u00e9placement, samedi \u00e0 Essaouira, en vue de prendre connaissance des diff\u00e9rentes potentialit\u00e9s historiques, culturelles, architecturales et civilisationnelles que rec\u00e8le cette cit\u00e9, et qui forment sa singularit\u00e9 en mati\u00e8re de coexistence pacifique et du vivre- ensemble. A travers cette [&hellip;]<\/p>\n","protected":false},"author":1788,"featured_media":0,"comment_status":"closed","ping_status":"closed","sticky":false,"template":"","format":"standard","meta":{"fifu_image_url":"","fifu_image_alt":"","footnotes":""},"categories":[54,76],"tags":[],"class_list":["post-32283","post","type-post","status-publish","format-standard","hentry","category-maroc","category-regions"],"_links":{"self":[{"href":"https:\/\/linitiative.ca\/International\/wp-json\/wp\/v2\/posts\/32283","targetHints":{"allow":["GET"]}}],"collection":[{"href":"https:\/\/linitiative.ca\/International\/wp-json\/wp\/v2\/posts"}],"about":[{"href":"https:\/\/linitiative.ca\/International\/wp-json\/wp\/v2\/types\/post"}],"author":[{"embeddable":true,"href":"https:\/\/linitiative.ca\/International\/wp-json\/wp\/v2\/users\/1788"}],"replies":[{"embeddable":true,"href":"https:\/\/linitiative.ca\/International\/wp-json\/wp\/v2\/comments?post=32283"}],"version-history":[{"count":0,"href":"https:\/\/linitiative.ca\/International\/wp-json\/wp\/v2\/posts\/32283\/revisions"}],"wp:attachment":[{"href":"https:\/\/linitiative.ca\/International\/wp-json\/wp\/v2\/media?parent=32283"}],"wp:term":[{"taxonomy":"category","embeddable":true,"href":"https:\/\/linitiative.ca\/International\/wp-json\/wp\/v2\/categories?post=32283"},{"taxonomy":"post_tag","embeddable":true,"href":"https:\/\/linitiative.ca\/International\/wp-json\/wp\/v2\/tags?post=32283"}],"curies":[{"name":"wp","href":"https:\/\/api.w.org\/{rel}","templated":true}]}}