{"id":32284,"date":"2019-05-05T08:56:50","date_gmt":"2019-05-05T12:56:50","guid":{"rendered":"https:\/\/linitiative.ca\/International\/laref-de-marrakech-safi-remporte-le-1er-prix-du-1er-festival-national-de-la-musique-et-de-leducation\/"},"modified":"2019-05-05T08:56:50","modified_gmt":"2019-05-05T12:56:50","slug":"laref-de-marrakech-safi-remporte-le-1er-prix-du-1er-festival-national-de-la-musique-et-de-leducation","status":"publish","type":"post","link":"https:\/\/linitiative.ca\/International\/laref-de-marrakech-safi-remporte-le-1er-prix-du-1er-festival-national-de-la-musique-et-de-leducation\/","title":{"rendered":"L\u2019AREF de Marrakech-Safi remporte le 1er Prix du 1er festival national de la musique et de l\u2019\u00e9ducation"},"content":{"rendered":"<div readability=\"36\">\n<p>Marrakech- L\u2019Acad\u00e9mie r\u00e9gionale de l\u2019\u00e9ducation et de la formation (AREF) de Marrakech-Safi a remport\u00e9, samedi, le premier Prix de la premi\u00e8re \u00e9dition du festival national de la musique et de l\u2019\u00e9ducation.<\/p>\n<\/div>\n<div readability=\"103\">\n<p>Le 2\u00e8me Prix de cette manifestation de deux jours, organis\u00e9e \u00e0 l\u2019initiative de l\u2019AREF de Marrakech-Safi en collaboration avec la wilaya, le conseil de la r\u00e9gion et le conseil communal de Marrakech, est revenu \u00e0 l\u2019AREF de Mekn\u00e8s-F\u00e8s, alors que la troisi\u00e8me position a \u00e9t\u00e9 d\u00e9croch\u00e9e par l\u2019AREF de La\u00e2youne-Sakia El Hamra.<\/p>\n<p>S\u2019agissant du Prix de la meilleure voix masculine, il a \u00e9t\u00e9 d\u00e9cern\u00e9 par le jury constitu\u00e9 de compositeurs et chanteurs marocains chevronn\u00e9s, tels que Abdellah Issami et Tahar El Asbahani, \u00e0 l\u2019AREF de B\u00e9ni Mellal-Kh\u00e9nifra, alors que celui de la meilleure voix f\u00e9minine a \u00e9t\u00e9 attribu\u00e9 \u00e0 l\u2019AREF de Rabat-Sal\u00e9-K\u00e9nitra.<\/p>\n<p>A cette occasion, le secr\u00e9taire g\u00e9n\u00e9ral du minist\u00e8re de l\u2019Education nationale, de la Formation professionnelle, de l\u2019Enseignement sup\u00e9rieur et de la Recherche scientifique, Youssef Belkasmi, a indiqu\u00e9 que ce festival, initi\u00e9 sous le th\u00e8me \u00ab\u00a0l\u2019\u00e9ducation musicale, un levier pour la construction de l\u2019\u00e9cole de la citoyennet\u00e9\u00a0\u00bb, permettra \u00e0 l\u2019\u00e9cole de s\u2019acquitter de sa mission en mati\u00e8re de promotion de l\u2019int\u00e9gration culturelle et d\u2019ouverture des \u00e9tablissements scolaires sur leur environnement socioculturel et \u00e9conomique.<\/p>\n<p>Il a ajout\u00e9 que le minist\u00e8re a adopt\u00e9 le r\u00e9seautage th\u00e9matique dans les domaines culturel, cr\u00e9atif et artistique entre les AREF en tant que m\u00e9canisme de coordination et d\u2019\u00e9change d\u2019expertises entre les Acad\u00e9mies, ce qui permettra de promouvoir la chose \u00e9ducative et d\u2019\u00e9difier une \u00e9cole citoyenne, impr\u00e9gn\u00e9e des valeurs de d\u00e9mocratie et des droits de l\u2019Homme et favorisant la cr\u00e9ativit\u00e9.<\/p>\n<p>De son c\u00f4t\u00e9, le directeur de l\u2019AREF de Marrakech-Safi, Ahmed Karimi, a relev\u00e9 que l\u2019organisation de cette manifestation intervient conform\u00e9ment aux orientations du minist\u00e8re pour la poursuite de la mise en \u0153uvre de la vision strat\u00e9gique 2015-2030 et l\u2019\u00e9dification de l\u2019\u00e9cole de la citoyennet\u00e9, estimant que l\u2019\u00e9ducation artistique, en g\u00e9n\u00e9ral, et musicale en particulier, fait partie des principaux piliers qui contribuent \u00e0 l\u2019\u00e9panouissement et \u00e0 la construction de la personnalit\u00e9 des \u00e9l\u00e8ves.<\/p>\n<p>Ce festival national, le premier du genre, s\u2019assigne pour objectifs d\u2019\u00e9lever le sens esth\u00e9tique et le go\u00fbt artistique chez les \u00e9l\u00e8ves, de contribuer \u00e0 la prospection de futurs talents dans les domaines de la musique et de la chanson, de renforcer le r\u00f4le des clubs de musique et des capacit\u00e9s des animateurs et b\u00e9n\u00e9ficiaires, et de favoriser l\u2019ouverture des \u00e9tablissements scolaires sur leur environnement socioculturel.<\/p>\n<p>La 1\u00e8re \u00e9dition de ce festival a connu la participation de toutes les AREF du Royaume, qui ont \u00e9t\u00e9 repr\u00e9sent\u00e9es par les \u00e9quipes laur\u00e9ates au niveau r\u00e9gional suite \u00e0 une s\u00e9rie d\u2019\u00e9liminatoires tenues \u00e0 l\u2019\u00e9chelle provinciale.<\/p>\n<p>Cette manifestation a \u00e9t\u00e9 ponctu\u00e9e par plusieurs activit\u00e9s p\u00e9dagogiques et artistiques, notamment l\u2019organisation d\u2019une exposition d\u2019arts plastiques au si\u00e8ge de l\u2019AREF de Marrakech-Safi et au Th\u00e9\u00e2tre Royal, ainsi que de visites aux monuments historiques et touristiques de la cit\u00e9 ocre au profit des participants au festival.<\/p>\n<\/div>\n<p>Auteur: Mohammed KOURSI<br \/>\n<a href=\"http:\/\/www.mapmarrakech.ma\/fr\/laref-de-marrakech-safi-remporte-le-1er-prix-du-1er-festival-national-de-la-musique-et-de-leducation\/\">Cliquez ici pour lire l&rsquo;article depuis sa source.<\/a><\/p>\n","protected":false},"excerpt":{"rendered":"<p>Marrakech- L\u2019Acad\u00e9mie r\u00e9gionale de l\u2019\u00e9ducation et de la formation (AREF) de Marrakech-Safi a remport\u00e9, samedi, le premier Prix de la premi\u00e8re \u00e9dition du festival national de la musique et de l\u2019\u00e9ducation. Le 2\u00e8me Prix de cette manifestation de deux jours, organis\u00e9e \u00e0 l\u2019initiative de l\u2019AREF de Marrakech-Safi en collaboration avec la wilaya, le conseil de [&hellip;]<\/p>\n","protected":false},"author":1788,"featured_media":0,"comment_status":"closed","ping_status":"closed","sticky":false,"template":"","format":"standard","meta":{"fifu_image_url":"","fifu_image_alt":"","footnotes":""},"categories":[54,76],"tags":[],"class_list":["post-32284","post","type-post","status-publish","format-standard","hentry","category-maroc","category-regions"],"_links":{"self":[{"href":"https:\/\/linitiative.ca\/International\/wp-json\/wp\/v2\/posts\/32284","targetHints":{"allow":["GET"]}}],"collection":[{"href":"https:\/\/linitiative.ca\/International\/wp-json\/wp\/v2\/posts"}],"about":[{"href":"https:\/\/linitiative.ca\/International\/wp-json\/wp\/v2\/types\/post"}],"author":[{"embeddable":true,"href":"https:\/\/linitiative.ca\/International\/wp-json\/wp\/v2\/users\/1788"}],"replies":[{"embeddable":true,"href":"https:\/\/linitiative.ca\/International\/wp-json\/wp\/v2\/comments?post=32284"}],"version-history":[{"count":0,"href":"https:\/\/linitiative.ca\/International\/wp-json\/wp\/v2\/posts\/32284\/revisions"}],"wp:attachment":[{"href":"https:\/\/linitiative.ca\/International\/wp-json\/wp\/v2\/media?parent=32284"}],"wp:term":[{"taxonomy":"category","embeddable":true,"href":"https:\/\/linitiative.ca\/International\/wp-json\/wp\/v2\/categories?post=32284"},{"taxonomy":"post_tag","embeddable":true,"href":"https:\/\/linitiative.ca\/International\/wp-json\/wp\/v2\/tags?post=32284"}],"curies":[{"name":"wp","href":"https:\/\/api.w.org\/{rel}","templated":true}]}}