{"id":32285,"date":"2019-05-05T05:46:31","date_gmt":"2019-05-05T09:46:31","guid":{"rendered":"https:\/\/linitiative.ca\/International\/un-programme-de-developpement-de-lenergie-renouvelable-au-sud-du-pays\/"},"modified":"2019-05-05T05:46:31","modified_gmt":"2019-05-05T09:46:31","slug":"un-programme-de-developpement-de-lenergie-renouvelable-au-sud-du-pays","status":"publish","type":"post","link":"https:\/\/linitiative.ca\/International\/un-programme-de-developpement-de-lenergie-renouvelable-au-sud-du-pays\/","title":{"rendered":"Un programme de d\u00e9veloppement de l\u2019\u00e9nergie renouvelable au Sud du pays"},"content":{"rendered":"<div>\n<div class=\"K2FeedImage\"><img decoding=\"async\" src=\"http:\/\/www.aps.dz\/media\/k2\/items\/cache\/ee64cd454e96904d03a8f3d171d6e3fa_S.jpg\" alt=\"Un programme de d\u00e9veloppement de l\u2019\u00e9nergie renouvelable au Sud du pays\"><\/div>\n<div class=\"K2FeedIntroText\">\n<p><strong>GHARDAIA &#8211; Un programme visant \u00e0 r\u00e9duire la d\u00e9pendance vis-\u00e0-vis de l&rsquo;\u00e9nergie fossile (gaz naturel et Gasoil) dans la perspective de passer aux \u00e9nergies renouvelables a \u00e9t\u00e9 lanc\u00e9 dans le sud alg\u00e9rien, a r\u00e9v\u00e9l\u00e9 dimanche \u00e0 l\u2019APS le pr\u00e9sident directeur g\u00e9n\u00e9ral de la soci\u00e9t\u00e9 SKTM (Sharikat Kahraba wa Takat Moutajadida), filiale du Groupe Sonelgaz, charg\u00e9e des \u00e9nergies renouvelables.<\/strong><\/p>\n<\/div>\n<div class=\"K2FeedFullText\">\n<p>Pour ce faire, l\u2019entreprise s\u2019emploie \u00e0 poursuivre sa dynamique de d\u00e9veloppement par le renforcement des moyens de production dans plus d\u2019une trentaine de localit\u00e9s du grand Sud et le lancement de nouveaux projets de valorisation \u00e9nerg\u00e9tique solaire et \u00e9olien, a affirm\u00e9 Chahar Boulakhras, en marge d\u2019une c\u00e9r\u00e9monie de remise de distinctions aux meilleurs travailleurs de la SKTM \u00e0 l\u2019occasion de la f\u00eate du 1er mai.<\/p>\n<p>Pour r\u00e9duire la d\u00e9pendance des \u00e9nergies fossiles dans le Sud pour la production d\u2019\u00e9lectricit\u00e9, l\u2019Alg\u00e9rie s&rsquo;est lanc\u00e9e dans un vaste programme de production d\u2019\u00e9nergies \u00e9lectriques selon une technologie qui associe \u00e9nergies renouvelables (solaire et \u00e9olienne) et combustible fossile\u00a0(Gasoil), a expliqu\u00e9 le PDG de SKTM.<\/p>\n<p>Une production de 50 m\u00e9gawatts selon la technologie hybride qui associe les \u00e9nergies renouvelables et le combustible fossile sera lanc\u00e9e en juillet prochain, a indiqu\u00e9 M. Boulakhras pr\u00e9cisant que cette production vise \u00e0 r\u00e9duire la d\u00e9pendance des centrales \u00e9lectriques du Sud de l\u2019\u00e9nergie fossile et le co\u00fbt du transport de cette \u00e9nergie fossile vers les centrales.<\/p>\n<p>La r\u00e9duction de la consommation du gasoil des turbines et g\u00e9n\u00e9rateurs de production d\u2019\u00e9lectricit\u00e9 conventionnelle permet, en outre, de diminuer l&rsquo;\u00e9mission de gaz \u00e0 effets de serre et la pollution, a-t-il ajout\u00e9.<\/p>\n<hr>\n<h3>Lire aussi:\u00a0<a href=\"http:\/\/www.aps.dz\/economie\/86560-production-d-energies-renouvelables-un-plan-de-deploiement-s-impose\" target=\"_blank\" rel=\"noopener noreferrer\">Production d&rsquo;\u00e9nergies renouvelables : un plan de d\u00e9ploiement s&rsquo;impose<\/a><\/h3>\n<hr>\n<p>L\u2019entreprise SKTM compte renforcer la production \u00e9nerg\u00e9tique substantielle au niveau d\u2019une trentaine de localit\u00e9s du sud par une production de 300 m\u00e9gawatts, afin d\u2019am\u00e9liorer la qualit\u00e9 de service dans ces localit\u00e9s.<\/p>\n<p>Actuellement, la production \u00e9nerg\u00e9tique en Alg\u00e9rie provient de 70% des centrales aliment\u00e9es par les combustibles fossiles (Gaz et Gasoil) et 30% de production d\u2019\u00e9nergies propres et renouvelables.<\/p>\n<p>L\u2019Alg\u00e9rie s&rsquo;est fix\u00e9e pour objectif de r\u00e9duire et renverser graduellement cette tendance par des actions concr\u00e8tes, bas\u00e9es sur le d\u00e9veloppement \u00e0 grande \u00e9chelle des \u00e9nergies renouvelables et le renforcement de l&rsquo;efficacit\u00e9 \u00e9nerg\u00e9tique, a-t-il poursuivi.<\/p>\n<p>La soci\u00e9t\u00e9 \u00ab\u00a0SKTM\u00a0\u00bb, dont le si\u00e9g\u00e9 social est \u00e0 Gharda\u00efa, a \u00e9t\u00e9 cr\u00e9\u00e9e en 2012 pour prendre en charge la production d\u2019\u00e9lectricit\u00e9 conventionnelle pour les r\u00e9seaux isol\u00e9s du Sud et des \u00e9nergies renouvelables pour le territoire national.\u00a0<\/p>\n<p>Elle g\u00e8re actuellement 80 centrales de productions d\u2019\u00e9nergie \u00e9lectrique.<\/p>\n<p>\u00a0<\/p>\n<\/div>\n<\/div>\n<p>Auteur:<br \/>\n<a href=\"http:\/\/www.aps.dz\/regions\/89063-un-programme-de-developpement-de-l-energie-renouvelable-au-sud-du-pays\">Cliquez ici pour lire l&rsquo;article depuis sa source.<\/a><\/p>\n","protected":false},"excerpt":{"rendered":"<p>GHARDAIA &#8211; Un programme visant \u00e0 r\u00e9duire la d\u00e9pendance vis-\u00e0-vis de l&rsquo;\u00e9nergie fossile (gaz naturel et Gasoil) dans la perspective de passer aux \u00e9nergies renouvelables a \u00e9t\u00e9 lanc\u00e9 dans le sud alg\u00e9rien, a r\u00e9v\u00e9l\u00e9 dimanche \u00e0 l\u2019APS le pr\u00e9sident directeur g\u00e9n\u00e9ral de la soci\u00e9t\u00e9 SKTM (Sharikat Kahraba wa Takat Moutajadida), filiale du Groupe Sonelgaz, charg\u00e9e [&hellip;]<\/p>\n","protected":false},"author":1790,"featured_media":32286,"comment_status":"closed","ping_status":"closed","sticky":false,"template":"","format":"standard","meta":{"fifu_image_url":"","fifu_image_alt":"","footnotes":""},"categories":[53,76],"tags":[],"class_list":["post-32285","post","type-post","status-publish","format-standard","has-post-thumbnail","hentry","category-algerie","category-regions"],"_links":{"self":[{"href":"https:\/\/linitiative.ca\/International\/wp-json\/wp\/v2\/posts\/32285","targetHints":{"allow":["GET"]}}],"collection":[{"href":"https:\/\/linitiative.ca\/International\/wp-json\/wp\/v2\/posts"}],"about":[{"href":"https:\/\/linitiative.ca\/International\/wp-json\/wp\/v2\/types\/post"}],"author":[{"embeddable":true,"href":"https:\/\/linitiative.ca\/International\/wp-json\/wp\/v2\/users\/1790"}],"replies":[{"embeddable":true,"href":"https:\/\/linitiative.ca\/International\/wp-json\/wp\/v2\/comments?post=32285"}],"version-history":[{"count":0,"href":"https:\/\/linitiative.ca\/International\/wp-json\/wp\/v2\/posts\/32285\/revisions"}],"wp:featuredmedia":[{"embeddable":true,"href":"https:\/\/linitiative.ca\/International\/wp-json\/"}],"wp:attachment":[{"href":"https:\/\/linitiative.ca\/International\/wp-json\/wp\/v2\/media?parent=32285"}],"wp:term":[{"taxonomy":"category","embeddable":true,"href":"https:\/\/linitiative.ca\/International\/wp-json\/wp\/v2\/categories?post=32285"},{"taxonomy":"post_tag","embeddable":true,"href":"https:\/\/linitiative.ca\/International\/wp-json\/wp\/v2\/tags?post=32285"}],"curies":[{"name":"wp","href":"https:\/\/api.w.org\/{rel}","templated":true}]}}