{"id":32287,"date":"2019-05-05T05:46:09","date_gmt":"2019-05-05T09:46:09","guid":{"rendered":"https:\/\/linitiative.ca\/International\/mila-le-president-de-lapc-de-ferdjioua-releve-de-ses-fonctions\/"},"modified":"2019-05-05T05:46:09","modified_gmt":"2019-05-05T09:46:09","slug":"mila-le-president-de-lapc-de-ferdjioua-releve-de-ses-fonctions","status":"publish","type":"post","link":"https:\/\/linitiative.ca\/International\/mila-le-president-de-lapc-de-ferdjioua-releve-de-ses-fonctions\/","title":{"rendered":"Mila : Le pr\u00e9sident de l\u2019APC de Ferdjioua relev\u00e9 de ses fonctions"},"content":{"rendered":"<div>\n<div class=\"K2FeedImage\"><img decoding=\"async\" src=\"http:\/\/www.aps.dz\/media\/k2\/items\/cache\/02b48ba2e6cf6789b3e17e5c8af1fffb_S.jpg\" alt=\"Mila : Le pr\u00e9sident de l\u2019APC de Ferdjioua relev\u00e9 de ses fonctions\"><\/div>\n<div class=\"K2FeedIntroText\">\n<p>MILA &#8211; Le secr\u00e9taire g\u00e9n\u00e9ral de la commune de Ferdjioua (\u00e0 l\u2019Ouest de Mila) a \u00e9t\u00e9 charg\u00e9 de la gestion des affaires de cette collectivit\u00e9s locale en remplacement du d\u00e9sormais ancien pr\u00e9sident de l\u2019Assembl\u00e9e populaire communale (APC), Hocine Bousefsaf, qui a \u00e9t\u00e9 d\u00e9mis de ses fonctions, a-t-on appris samedi aupr\u00e8s de la wilaya.<\/p>\n<\/div>\n<div class=\"K2FeedFullText\">\n<p>Cette d\u00e9cision a \u00e9t\u00e9 prise suite \u00e0 la situation de blocage v\u00e9cue par cette APC entravant la validation de plusieurs d\u00e9lib\u00e9rations relatives au d\u00e9veloppement et aux droits des employ\u00e9s, ce qui s\u2019est traduit n\u00e9gativement sur la prise en charge des pr\u00e9occupations des citoyens et la bonne gestion de cette collectivit\u00e9 locale, a-t-on indiqu\u00e9 dans un communiqu\u00e9 \u00e9manant de la wilaya.<\/p>\n<p>Les membres de Ferdjioua ont adress\u00e9 plusieurs correspondances au wali l\u2019appelant \u00e0 intervenir et trouver une solution \u00e0 cette probl\u00e9matique, a-t-on rappel\u00e9, pr\u00e9cisant que plusieurs tentatives pour trouver une solution aux probl\u00e8mes soulev\u00e9s, entreprises par le wali, Mohamed Amieur, qui a r\u00e9uni les membres de l\u2019assembl\u00e9e autour de la table du dialogue au service de l\u2019int\u00e9r\u00eat g\u00e9n\u00e9ral, ont \u00e9t\u00e9 vaines, a pr\u00e9cis\u00e9 la m\u00eame source.<\/p>\n<p>Une r\u00e9union regroupant 15 membres sur les 23 que compte cette APC a eu lieu aujourd&rsquo;hui, samedi, au cabinet du wali en pr\u00e9sence du chef da\u00efra de Ferdjioua et le directeur de la r\u00e9glementation et des affaires g\u00e9n\u00e9rales (DRAG), a-t-on indiqu\u00e9, pr\u00e9cisant qu\u2019il a \u00e9t\u00e9 d\u00e9cid\u00e9 d\u2019appliquer les dispositions dict\u00e9es, \u00e0 cet effet, par le code communal en limogeant le pr\u00e9sident de l\u2019APC et en chargeant le SG de la commune de g\u00e9rer ses affaires avec les membres de l\u2019Assembl\u00e9e, selon le m\u00eame communiqu\u00e9.<\/p>\n<\/div>\n<\/div>\n<p>Auteur:<br \/>\n<a href=\"http:\/\/www.aps.dz\/regions\/89064-mila-le-president-de-l-apc-de-ferdjioua-releve-de-ses-fonctions\">Cliquez ici pour lire l&rsquo;article depuis sa source.<\/a><\/p>\n","protected":false},"excerpt":{"rendered":"<p>MILA &#8211; Le secr\u00e9taire g\u00e9n\u00e9ral de la commune de Ferdjioua (\u00e0 l\u2019Ouest de Mila) a \u00e9t\u00e9 charg\u00e9 de la gestion des affaires de cette collectivit\u00e9s locale en remplacement du d\u00e9sormais ancien pr\u00e9sident de l\u2019Assembl\u00e9e populaire communale (APC), Hocine Bousefsaf, qui a \u00e9t\u00e9 d\u00e9mis de ses fonctions, a-t-on appris samedi aupr\u00e8s de la wilaya. Cette d\u00e9cision [&hellip;]<\/p>\n","protected":false},"author":1790,"featured_media":32288,"comment_status":"closed","ping_status":"closed","sticky":false,"template":"","format":"standard","meta":{"fifu_image_url":"","fifu_image_alt":"","footnotes":""},"categories":[53,76],"tags":[],"class_list":["post-32287","post","type-post","status-publish","format-standard","has-post-thumbnail","hentry","category-algerie","category-regions"],"_links":{"self":[{"href":"https:\/\/linitiative.ca\/International\/wp-json\/wp\/v2\/posts\/32287","targetHints":{"allow":["GET"]}}],"collection":[{"href":"https:\/\/linitiative.ca\/International\/wp-json\/wp\/v2\/posts"}],"about":[{"href":"https:\/\/linitiative.ca\/International\/wp-json\/wp\/v2\/types\/post"}],"author":[{"embeddable":true,"href":"https:\/\/linitiative.ca\/International\/wp-json\/wp\/v2\/users\/1790"}],"replies":[{"embeddable":true,"href":"https:\/\/linitiative.ca\/International\/wp-json\/wp\/v2\/comments?post=32287"}],"version-history":[{"count":0,"href":"https:\/\/linitiative.ca\/International\/wp-json\/wp\/v2\/posts\/32287\/revisions"}],"wp:featuredmedia":[{"embeddable":true,"href":"https:\/\/linitiative.ca\/International\/wp-json\/"}],"wp:attachment":[{"href":"https:\/\/linitiative.ca\/International\/wp-json\/wp\/v2\/media?parent=32287"}],"wp:term":[{"taxonomy":"category","embeddable":true,"href":"https:\/\/linitiative.ca\/International\/wp-json\/wp\/v2\/categories?post=32287"},{"taxonomy":"post_tag","embeddable":true,"href":"https:\/\/linitiative.ca\/International\/wp-json\/wp\/v2\/tags?post=32287"}],"curies":[{"name":"wp","href":"https:\/\/api.w.org\/{rel}","templated":true}]}}