{"id":32289,"date":"2019-05-05T06:40:00","date_gmt":"2019-05-05T10:40:00","guid":{"rendered":"https:\/\/linitiative.ca\/International\/saisie-de-quantites-de-kif-traite-et-de-psychotropes-dans-plusieurs-wilayas\/"},"modified":"2019-05-05T06:40:00","modified_gmt":"2019-05-05T10:40:00","slug":"saisie-de-quantites-de-kif-traite-et-de-psychotropes-dans-plusieurs-wilayas","status":"publish","type":"post","link":"https:\/\/linitiative.ca\/International\/saisie-de-quantites-de-kif-traite-et-de-psychotropes-dans-plusieurs-wilayas\/","title":{"rendered":"Saisie de quantit\u00e9s de kif trait\u00e9 et de psychotropes dans plusieurs wilayas"},"content":{"rendered":"<div readability=\"36\">\n<p>ALGER &#8211; Des quantit\u00e9s de kif trait\u00e9 et des comprim\u00e9s de psychotropes ainsi que des produits prohib\u00e9s ont \u00e9t\u00e9 saisis lors d&rsquo;op\u00e9rations men\u00e9es par les \u00e9l\u00e9ments de la Gendarmerie nationales dans plusieurs wilayas du pays, indique dimanche le Commandement de la Gendarmerie nationale dans un communiqu\u00e9.<\/p>\n<\/div>\n<div readability=\"102.096574494\">\n<p>Dans la wilaya d&rsquo;A\u00efn-T\u00e9mouchent, les gendarmes de la brigade de Beni-Saf, \u00ab\u00a0agissant sur renseignements, ont interpell\u00e9 une personne \u00e2g\u00e9e de 27 ans, \u00e0 bord d\u2019un v\u00e9hicule, en possession d\u2019un kg de kif trait\u00e9 et un sabre\u00a0\u00bb, pr\u00e9cise la m\u00eame source.<\/p>\n<p>A M\u2019sila, les gendarmes \u00ab\u00a0agissant sur renseignements et en vertu d\u2019un mandat de perquisition, ont interpell\u00e9 un individu \u00e2g\u00e9 de 38 ans et saisi dans son domicile 340 grammes de kif trait\u00e9\u00a0\u00bb, ajoute-t-on.<\/p>\n<p>\u00ab\u00a0Poursuivant les investigations, les gendarmes enqu\u00eateurs ont interpell\u00e9 son acolyte \u00e2g\u00e9 de 39 ans \u00e0 bord d\u2019un v\u00e9hicule\u00a0\u00bb, d\u00e9taille cette source.<\/p>\n<p>A Tindouf, les gendarmes ont interpell\u00e9 deux personnes \u00e2g\u00e9es de 25 et 29 ans lors d\u2019une patrouille \u00e0 la cit\u00e9 El-Wiam de la localit\u00e9, en possession de 177 grammes de kif trait\u00e9 et 4 comprim\u00e9s de psychotropes.<\/p>\n<hr\/>\n<p><em><strong>Lire aussi:\u00a0<a href=\"http:\/\/www.aps.dz\/regions\/88805-chlef-neutralisation-d-un-reseau-national-de-trafic-de-drogues-et-saisie-de-48-kg-de-kif\">Chlef: neutralisation d\u2019un r\u00e9seau national de trafic de\u00a0<span class=\"highlight\">drogue<\/span>s<\/a><\/strong><\/em><\/p>\n<hr\/>\n<p>Les gendarmes de la brigade de Nedjma, dans la wilaya d&rsquo;Oran et agissant sur renseignements et en vertu d\u2019un mandat de perquisition, \u00ab\u00a0ont interpell\u00e9 une personne \u00e2g\u00e9e de 23 ans et saisi dans son domicile 100 grammes de kif trait\u00e9\u00a0\u00bb, alors que les gendarmes de la section de s\u00e9curit\u00e9 et d\u2019intervention, dans la wilaya de Mascara, \u00ab\u00a0ont interpell\u00e9 trois personnes \u00e2g\u00e9s de 24, 25 et 31 ans, lors d\u2019un point du contr\u00f4le dress\u00e9 sur la RN 6, reliant Mascara \u00e0 Oran, dans la circonscription communale de Hacine, \u00e0 bord d\u2019un v\u00e9hicule, en possession de 50 comprim\u00e9s de psychotropes\u00a0\u00bb.<\/p>\n<p>De m\u00eame dans la wilaya de S\u00e9tif, les gendarmes de la brigade de Bir-El-Arch, agissant sur renseignements, ont r\u00e9cup\u00e9r\u00e9 sur la RN 5, reliant S\u00e9tif \u00e0 Mila, \u00ab\u00a0377 grammes de kif trait\u00e9 et la somme de 6.460 DA, repr\u00e9sentant le produit de vente de cette substance, abandonn\u00e9s par des dealers\u00a0\u00bb, tandis que les gendarmes de la brigade de Tazoult (Batna) ont interpell\u00e9, lors d\u2019une patrouille ex\u00e9cut\u00e9e sur la RN 31, reliant Batna \u00e0 Biskra, trois personnes \u00e2g\u00e9s de 23 et 24 ans, \u00e0 bord d\u2019un v\u00e9hicule, en possession de 45 comprim\u00e9s de psychotropes\u00a0\u00bb.<\/p>\n<p>Les gendarmes de la brigade de Tazoult ont interpell\u00e9 \u00e0 hauteur d\u2019un barrage dress\u00e9 sur la RN 31, reliant Batna \u00e0 Biskra, dans la circonscription communale de Tazoult, \u00ab\u00a0un individu \u00e2g\u00e9 de 26 ans, qui voyageait \u00e0 bord d\u2019un autocar, assurant la desserte Oued-Taga-Batna, en possession de 232 grammes de bijoux en or non poin\u00e7onn\u00e9s\u00a0\u00bb.<\/p>\n<\/div>\n<p>Auteur:<br \/>\n<a href=\"http:\/\/www.aps.dz\/regions\/89067-saisie-de-quantites-de-kif-traite-et-de-psychotropes-dans-plusieurs-wilayas\">Cliquez ici pour lire l&rsquo;article depuis sa source.<\/a><\/p>\n","protected":false},"excerpt":{"rendered":"<p>ALGER &#8211; Des quantit\u00e9s de kif trait\u00e9 et des comprim\u00e9s de psychotropes ainsi que des produits prohib\u00e9s ont \u00e9t\u00e9 saisis lors d&rsquo;op\u00e9rations men\u00e9es par les \u00e9l\u00e9ments de la Gendarmerie nationales dans plusieurs wilayas du pays, indique dimanche le Commandement de la Gendarmerie nationale dans un communiqu\u00e9. Dans la wilaya d&rsquo;A\u00efn-T\u00e9mouchent, les gendarmes de la brigade [&hellip;]<\/p>\n","protected":false},"author":1790,"featured_media":0,"comment_status":"closed","ping_status":"closed","sticky":false,"template":"","format":"standard","meta":{"fifu_image_url":"","fifu_image_alt":"","footnotes":""},"categories":[53,76],"tags":[],"class_list":["post-32289","post","type-post","status-publish","format-standard","hentry","category-algerie","category-regions"],"_links":{"self":[{"href":"https:\/\/linitiative.ca\/International\/wp-json\/wp\/v2\/posts\/32289","targetHints":{"allow":["GET"]}}],"collection":[{"href":"https:\/\/linitiative.ca\/International\/wp-json\/wp\/v2\/posts"}],"about":[{"href":"https:\/\/linitiative.ca\/International\/wp-json\/wp\/v2\/types\/post"}],"author":[{"embeddable":true,"href":"https:\/\/linitiative.ca\/International\/wp-json\/wp\/v2\/users\/1790"}],"replies":[{"embeddable":true,"href":"https:\/\/linitiative.ca\/International\/wp-json\/wp\/v2\/comments?post=32289"}],"version-history":[{"count":0,"href":"https:\/\/linitiative.ca\/International\/wp-json\/wp\/v2\/posts\/32289\/revisions"}],"wp:attachment":[{"href":"https:\/\/linitiative.ca\/International\/wp-json\/wp\/v2\/media?parent=32289"}],"wp:term":[{"taxonomy":"category","embeddable":true,"href":"https:\/\/linitiative.ca\/International\/wp-json\/wp\/v2\/categories?post=32289"},{"taxonomy":"post_tag","embeddable":true,"href":"https:\/\/linitiative.ca\/International\/wp-json\/wp\/v2\/tags?post=32289"}],"curies":[{"name":"wp","href":"https:\/\/api.w.org\/{rel}","templated":true}]}}