{"id":32293,"date":"2019-05-05T08:59:37","date_gmt":"2019-05-05T12:59:37","guid":{"rendered":"https:\/\/linitiative.ca\/International\/medea-hommage-au-colonel-si-mhamed-bougara\/"},"modified":"2019-05-05T08:59:37","modified_gmt":"2019-05-05T12:59:37","slug":"medea-hommage-au-colonel-si-mhamed-bougara","status":"publish","type":"post","link":"https:\/\/linitiative.ca\/International\/medea-hommage-au-colonel-si-mhamed-bougara\/","title":{"rendered":"M\u00e9d\u00e9a: hommage au colonel Si M&rsquo;hamed Bougara"},"content":{"rendered":"<div readability=\"38\">\n<p><strong>MEDEA &#8211; Une c\u00e9r\u00e9monie comm\u00e9morative marquant le 60\u00e8me anniversaire de la mort au champ d&rsquo;honneur du chef de la wilaya IV historique, le colonel Si M&rsquo;hamed Bougara a \u00e9t\u00e9 organis\u00e9e dimanche dans la commune d&rsquo;Ouled Bouaachra, \u00e0 37 km \u00e0 l&rsquo;ouest de M\u00e9d\u00e9a, o\u00f9 \u00e9tait \u00e9tabli son poste de commandement.<\/strong><\/p>\n<\/div>\n<div readability=\"85\">\n<p>Une foule nombreuse, compos\u00e9e d&rsquo;anciens combattants de la glorieuse Arm\u00e9e de lib\u00e9ration nationale (ALN), venus des wilayas limitrophes, ainsi que de citoyens, s&rsquo;est d\u00e9plac\u00e9e comme chaque ann\u00e9e au niveau de la st\u00e8le \u00e9rig\u00e9e en m\u00e9moire du chahid, pour lui rendre un hommage digne de sa stature.<\/p>\n<p>Le colonel Si M&rsquo;hamed Bouguerra a \u00e9t\u00e9 un fin strat\u00e8ge militaire qui a permis de faire basculer la balance, sur le terrain des op\u00e9rations, en faveur des troupes de l\u2019arm\u00e9e de lib\u00e9ration nationale (ALN), durant les deux ann\u00e9es qu\u2019il passa \u00e0 la t\u00eate du commandement de la wilaya IV historique, soit d\u2019avril 1957 au 5 mai 1959.<\/p>\n<p>Son apport \u00e0 la r\u00e9volution ne s&rsquo;est pas limit\u00e9 aux seuls faits d&rsquo;armes accomplis au niveau de la wilaya IV historique, car, il s&rsquo;est \u00e9galement distingu\u00e9 aupr\u00e8s de ces pairs des autres wilayas par sa sagesse, son g\u00e9nie militaire et, surtout, son charisme qui lui valurent d&rsquo;\u00eatre sollicit\u00e9 lors de la prise de grandes d\u00e9cisions \u00e0 l&rsquo;occasion de certaines r\u00e9unions qui avaient regroup\u00e9s les principaux chefs de la r\u00e9volution.<\/p>\n<p>N\u00e9 le 2 d\u00e9cembre 1928 \u00e0 Khemis Meliana (Ain Defla), le chahid a connu, au lendemain du soul\u00e8vement populaire du 8 mai 1945, les ge\u00f4les du colonialisme. Sit\u00f4t lib\u00e9r\u00e9, il rejoint les rangs du Mouvement pour le triomphe des libert\u00e9s d\u00e9mocratiques (MTLD). Il est arr\u00eat\u00e9, une seconde fois, en 1951, pour \u00ab\u00a0activit\u00e9s politiques subversives\u00a0\u00bb et condamn\u00e9 \u00e0 trois ans de prison.<\/p>\n<p>Au d\u00e9clenchement de la R\u00e9volution de novembre 54, Si M&rsquo;hamed Bougara est charg\u00e9 de l\u2019organisation de la r\u00e9sistance arm\u00e9e \u00e0 Amrouna, dans la localit\u00e9 de Tniet El-Had. Il participera, le 20 Aout 1956, au congr\u00e8s de la Soummam et fut d\u00e9sign\u00e9 responsable politique et membre du conseil de la wilaya Iv Historique, puis promu, en 1958, au grade de colonel. Il est nomm\u00e9 \u00e0 la t\u00eate des troupes de la ALN op\u00e9rant \u00e0 travers tout le territoire de cette m\u00eame wilaya, jusqu\u2019\u00e0 sa mort, le 5 mai 1959.<\/p>\n<\/div>\n<p>Auteur:<br \/>\n<a href=\"http:\/\/www.aps.dz\/regions\/89078-medea-hommage-au-colonel-si-m-hamed-bougara\">Cliquez ici pour lire l&rsquo;article depuis sa source.<\/a><\/p>\n","protected":false},"excerpt":{"rendered":"<p>MEDEA &#8211; Une c\u00e9r\u00e9monie comm\u00e9morative marquant le 60\u00e8me anniversaire de la mort au champ d&rsquo;honneur du chef de la wilaya IV historique, le colonel Si M&rsquo;hamed Bougara a \u00e9t\u00e9 organis\u00e9e dimanche dans la commune d&rsquo;Ouled Bouaachra, \u00e0 37 km \u00e0 l&rsquo;ouest de M\u00e9d\u00e9a, o\u00f9 \u00e9tait \u00e9tabli son poste de commandement. Une foule nombreuse, compos\u00e9e d&rsquo;anciens [&hellip;]<\/p>\n","protected":false},"author":1790,"featured_media":0,"comment_status":"closed","ping_status":"closed","sticky":false,"template":"","format":"standard","meta":{"fifu_image_url":"","fifu_image_alt":"","footnotes":""},"categories":[53,76],"tags":[],"class_list":["post-32293","post","type-post","status-publish","format-standard","hentry","category-algerie","category-regions"],"_links":{"self":[{"href":"https:\/\/linitiative.ca\/International\/wp-json\/wp\/v2\/posts\/32293","targetHints":{"allow":["GET"]}}],"collection":[{"href":"https:\/\/linitiative.ca\/International\/wp-json\/wp\/v2\/posts"}],"about":[{"href":"https:\/\/linitiative.ca\/International\/wp-json\/wp\/v2\/types\/post"}],"author":[{"embeddable":true,"href":"https:\/\/linitiative.ca\/International\/wp-json\/wp\/v2\/users\/1790"}],"replies":[{"embeddable":true,"href":"https:\/\/linitiative.ca\/International\/wp-json\/wp\/v2\/comments?post=32293"}],"version-history":[{"count":0,"href":"https:\/\/linitiative.ca\/International\/wp-json\/wp\/v2\/posts\/32293\/revisions"}],"wp:attachment":[{"href":"https:\/\/linitiative.ca\/International\/wp-json\/wp\/v2\/media?parent=32293"}],"wp:term":[{"taxonomy":"category","embeddable":true,"href":"https:\/\/linitiative.ca\/International\/wp-json\/wp\/v2\/categories?post=32293"},{"taxonomy":"post_tag","embeddable":true,"href":"https:\/\/linitiative.ca\/International\/wp-json\/wp\/v2\/tags?post=32293"}],"curies":[{"name":"wp","href":"https:\/\/api.w.org\/{rel}","templated":true}]}}