{"id":32297,"date":"2019-05-05T15:14:11","date_gmt":"2019-05-05T19:14:11","guid":{"rendered":"https:\/\/linitiative.ca\/International\/afrique-claude-le-roy-lalgerie-a-un-potentiel-enorme-mais\/"},"modified":"2019-05-05T15:14:11","modified_gmt":"2019-05-05T19:14:11","slug":"afrique-claude-le-roy-lalgerie-a-un-potentiel-enorme-mais","status":"publish","type":"post","link":"https:\/\/linitiative.ca\/International\/afrique-claude-le-roy-lalgerie-a-un-potentiel-enorme-mais\/","title":{"rendered":"Afrique : Claude Le Roy : \u00ab\u00a0L&rsquo;Alg\u00e9rie a un potentiel \u00e9norme, mais&#8230;\u00a0\u00bb"},"content":{"rendered":"<div readability=\"32\">\n<p>Auteur : <span class=\"time\">dimanche 05 mai 2019 12:21<\/span><\/p>\n<\/div>\n<div id=\"post_core\" readability=\"50\">\n<p>Je crois que l\u2019\u00e9quipe qui aura le meilleur gardien sera championne d\u2019Afrique\u00a0\u00bb, a affirm\u00e9 cette semaine Claude Le Roy dans un entretien accord\u00e9 au site officiel de la F\u00e9d\u00e9ration Africaine de Football (CAF) et comme le rapporte Orangefootballclub.<\/p>\n<p>\u00ab\u00a0Pour la premi\u00e8re fois depuis tr\u00e8s longtemps, le S\u00e9n\u00e9gal a un super gardien (il parle d\u2019Edouard Mendy, ndlr). Il y a le Maroc et je pense qu\u2019Herv\u00e9 Renard a les moyens de gagner une troisi\u00e8me CAN avec une troisi\u00e8me \u00e9quipe diff\u00e9rente. Le Cameroun parce qu\u2019il y a Onana qui fait une saison exceptionnelle avec l\u2019Ajax et que le Cameroun reste le Cameroun\u00a0\u00bb d\u00e9clare-t-il avant d&rsquo;ajouter:<\/p>\n<p>\u00ab\u00a0L\u2019Egypte aussi sera favorite, parce qu\u2019elle sera \u00e0 la maison. La Tunisie aussi a une bonne \u00e9quipe mais je ne la vois pas gagner la coupe. L\u2019Alg\u00e9rie a un potentiel \u00e9norme mais il va falloir mettre tous les ingr\u00e9dients pour r\u00e9ussir. La C\u00f4te d\u2019Ivoire a un potentiel offensif impressionnant. Il y a aussi le Nigeria, la RD Congo. L\u00e0 je cite 7 ou 8 grosses \u00e9quipes taill\u00e9es pour le titre. Apr\u00e8s j\u2019aimerais bien que le Kenya fasse une belle performance parce qu\u2019il y a S\u00e9bastien Mign\u00e9, mon ancien adjoint\u00a0\u00bb conclut le champion d\u2019Afrique 1988 avec les Lions indomptables du Cameroun.<\/p>\n<\/div>\n<p>Auteur:<br \/>\n<a href=\"http:\/\/www.lebuteur.com\/article\/detail?titre=claude-le-roy-lalgerie-a-un-potentiel-enorme-mais&#038;id=88541&#038;utm_source=feedburner&#038;utm_medium=feed&#038;utm_campaign=Feed%3A+GalerieFArtciles+%28Les+derniers+articles++-+lebuteur.com%29\">Cliquez ici pour lire l&rsquo;article depuis sa source.<\/a><\/p>\n","protected":false},"excerpt":{"rendered":"<p>Auteur : dimanche 05 mai 2019 12:21 Je crois que l\u2019\u00e9quipe qui aura le meilleur gardien sera championne d\u2019Afrique\u00a0\u00bb, a affirm\u00e9 cette semaine Claude Le Roy dans un entretien accord\u00e9 au site officiel de la F\u00e9d\u00e9ration Africaine de Football (CAF) et comme le rapporte Orangefootballclub. \u00ab\u00a0Pour la premi\u00e8re fois depuis tr\u00e8s longtemps, le S\u00e9n\u00e9gal a [&hellip;]<\/p>\n","protected":false},"author":1738,"featured_media":32298,"comment_status":"closed","ping_status":"closed","sticky":false,"template":"","format":"standard","meta":{"fifu_image_url":"","fifu_image_alt":"","footnotes":""},"categories":[53,75],"tags":[],"class_list":["post-32297","post","type-post","status-publish","format-standard","has-post-thumbnail","hentry","category-algerie","category-sport"],"_links":{"self":[{"href":"https:\/\/linitiative.ca\/International\/wp-json\/wp\/v2\/posts\/32297","targetHints":{"allow":["GET"]}}],"collection":[{"href":"https:\/\/linitiative.ca\/International\/wp-json\/wp\/v2\/posts"}],"about":[{"href":"https:\/\/linitiative.ca\/International\/wp-json\/wp\/v2\/types\/post"}],"author":[{"embeddable":true,"href":"https:\/\/linitiative.ca\/International\/wp-json\/wp\/v2\/users\/1738"}],"replies":[{"embeddable":true,"href":"https:\/\/linitiative.ca\/International\/wp-json\/wp\/v2\/comments?post=32297"}],"version-history":[{"count":0,"href":"https:\/\/linitiative.ca\/International\/wp-json\/wp\/v2\/posts\/32297\/revisions"}],"wp:featuredmedia":[{"embeddable":true,"href":"https:\/\/linitiative.ca\/International\/wp-json\/"}],"wp:attachment":[{"href":"https:\/\/linitiative.ca\/International\/wp-json\/wp\/v2\/media?parent=32297"}],"wp:term":[{"taxonomy":"category","embeddable":true,"href":"https:\/\/linitiative.ca\/International\/wp-json\/wp\/v2\/categories?post=32297"},{"taxonomy":"post_tag","embeddable":true,"href":"https:\/\/linitiative.ca\/International\/wp-json\/wp\/v2\/tags?post=32297"}],"curies":[{"name":"wp","href":"https:\/\/api.w.org\/{rel}","templated":true}]}}