{"id":32299,"date":"2019-05-05T15:14:13","date_gmt":"2019-05-05T19:14:13","guid":{"rendered":"https:\/\/linitiative.ca\/International\/international-real-makelele-fait-une-confidence-concernant-pogba-et-zidane\/"},"modified":"2019-05-05T15:14:13","modified_gmt":"2019-05-05T19:14:13","slug":"international-real-makelele-fait-une-confidence-concernant-pogba-et-zidane","status":"publish","type":"post","link":"https:\/\/linitiative.ca\/International\/international-real-makelele-fait-une-confidence-concernant-pogba-et-zidane\/","title":{"rendered":"International : Real : Makelele fait une confidence concernant Pogba et Zidane"},"content":{"rendered":"<div readability=\"32\">\n<p>Auteur : <span class=\"time\">dimanche 05 mai 2019 13:19<\/span><\/p>\n<\/div>\n<div id=\"post_core\" readability=\"44\">\n<p>Lorsqu\u2019il lui a \u00e9t\u00e9 pos\u00e9 la question de savoir s\u2019il est vrai que Zinedine Zidane veut que Paul Pogba signe au Real Madrid cet \u00e9t\u00e9, le vice-champion du monde 2006 a r\u00e9pondu \u00ab\u00a0Oui\u00a0\u00bb comme le rapporte Footmercato.<\/p>\n<p>Ces derniers temps, les rumeurs envoyant Pogba au Real ont enfl\u00e9, la presse espagnole indiquant m\u00eame r\u00e9cemment qu\u2019un accord existait entre les deux parties, en attendant l\u2019officialisation lors de l\u2019ouverture du mercato estival.<\/p>\n<p><strong>Publi\u00e9 dans :<\/strong> <span>real madrid<\/span><\/p>\n<\/div>\n<p>Auteur:<br \/>\n<a href=\"http:\/\/www.lebuteur.com\/article\/detail?titre=real-makelele-fait-une-confidence-concernant-pogba-et-zidane&#038;id=88542&#038;utm_source=feedburner&#038;utm_medium=feed&#038;utm_campaign=Feed%3A+GalerieFArtciles+%28Les+derniers+articles++-+lebuteur.com%29\">Cliquez ici pour lire l&rsquo;article depuis sa source.<\/a><\/p>\n","protected":false},"excerpt":{"rendered":"<p>Auteur : dimanche 05 mai 2019 13:19 Lorsqu\u2019il lui a \u00e9t\u00e9 pos\u00e9 la question de savoir s\u2019il est vrai que Zinedine Zidane veut que Paul Pogba signe au Real Madrid cet \u00e9t\u00e9, le vice-champion du monde 2006 a r\u00e9pondu \u00ab\u00a0Oui\u00a0\u00bb comme le rapporte Footmercato. Ces derniers temps, les rumeurs envoyant Pogba au Real ont enfl\u00e9, [&hellip;]<\/p>\n","protected":false},"author":1738,"featured_media":32300,"comment_status":"closed","ping_status":"closed","sticky":false,"template":"","format":"standard","meta":{"fifu_image_url":"","fifu_image_alt":"","footnotes":""},"categories":[53,75],"tags":[],"class_list":["post-32299","post","type-post","status-publish","format-standard","has-post-thumbnail","hentry","category-algerie","category-sport"],"_links":{"self":[{"href":"https:\/\/linitiative.ca\/International\/wp-json\/wp\/v2\/posts\/32299","targetHints":{"allow":["GET"]}}],"collection":[{"href":"https:\/\/linitiative.ca\/International\/wp-json\/wp\/v2\/posts"}],"about":[{"href":"https:\/\/linitiative.ca\/International\/wp-json\/wp\/v2\/types\/post"}],"author":[{"embeddable":true,"href":"https:\/\/linitiative.ca\/International\/wp-json\/wp\/v2\/users\/1738"}],"replies":[{"embeddable":true,"href":"https:\/\/linitiative.ca\/International\/wp-json\/wp\/v2\/comments?post=32299"}],"version-history":[{"count":0,"href":"https:\/\/linitiative.ca\/International\/wp-json\/wp\/v2\/posts\/32299\/revisions"}],"wp:featuredmedia":[{"embeddable":true,"href":"https:\/\/linitiative.ca\/International\/wp-json\/"}],"wp:attachment":[{"href":"https:\/\/linitiative.ca\/International\/wp-json\/wp\/v2\/media?parent=32299"}],"wp:term":[{"taxonomy":"category","embeddable":true,"href":"https:\/\/linitiative.ca\/International\/wp-json\/wp\/v2\/categories?post=32299"},{"taxonomy":"post_tag","embeddable":true,"href":"https:\/\/linitiative.ca\/International\/wp-json\/wp\/v2\/tags?post=32299"}],"curies":[{"name":"wp","href":"https:\/\/api.w.org\/{rel}","templated":true}]}}