{"id":32301,"date":"2019-05-05T15:14:14","date_gmt":"2019-05-05T19:14:14","guid":{"rendered":"https:\/\/linitiative.ca\/International\/international-psg-antero-henrique-a-bien-entame-des-contacts-pour-atal\/"},"modified":"2019-05-05T15:14:14","modified_gmt":"2019-05-05T19:14:14","slug":"international-psg-antero-henrique-a-bien-entame-des-contacts-pour-atal","status":"publish","type":"post","link":"https:\/\/linitiative.ca\/International\/international-psg-antero-henrique-a-bien-entame-des-contacts-pour-atal\/","title":{"rendered":"International : PSG : Antero Henrique a bien entam\u00e9 des contacts pour Atal"},"content":{"rendered":"<div readability=\"32\">\n<p>Auteur : <span class=\"time\">dimanche 05 mai 2019 13:40<\/span><\/p>\n<\/div>\n<div id=\"post_core\" readability=\"45\">\n<p>L&rsquo;international alg\u00e9rien compte aujourd&rsquo;hui 6 buts en Ligue 1 fran\u00e7aise. A 22 ans, Atal pourrait donc rapidement quitter Nice et son talent n\u2019aurait pas \u00e9chapp\u00e9 \u00e0 certaines grosses \u00e9curies europ\u00e9ennes comme l&rsquo;indique Le10sport<\/p>\n<p>En effet, le quotidien Le Parisien explique qu\u2019Antero Henrique se serait bien pench\u00e9 sur le cas du prot\u00e9g\u00e9 de Patrick Vieira en novembre dernier. Alors que des contacts auraient \u00e9t\u00e9 entam\u00e9s pour Atal, cela n\u2019aurait finalement pas \u00e9t\u00e9 plus loin. En revanche, du c\u00f4t\u00e9 de l\u2019Atl\u00e9tico Madrid, de Chelsea et de deux clubs italiens, l\u2019Alg\u00e9rien serait une piste chaude.<\/p>\n<p><strong>Publi\u00e9 dans :<\/strong> <span>PSG<\/span><\/p>\n<\/div>\n<p>Auteur:<br \/>\n<a href=\"http:\/\/www.lebuteur.com\/article\/detail?titre=psg-antero-henrique-a-bien-entame-des-contacts-pour-atal&#038;id=88543&#038;utm_source=feedburner&#038;utm_medium=feed&#038;utm_campaign=Feed%3A+GalerieFArtciles+%28Les+derniers+articles++-+lebuteur.com%29\">Cliquez ici pour lire l&rsquo;article depuis sa source.<\/a><\/p>\n","protected":false},"excerpt":{"rendered":"<p>Auteur : dimanche 05 mai 2019 13:40 L&rsquo;international alg\u00e9rien compte aujourd&rsquo;hui 6 buts en Ligue 1 fran\u00e7aise. A 22 ans, Atal pourrait donc rapidement quitter Nice et son talent n\u2019aurait pas \u00e9chapp\u00e9 \u00e0 certaines grosses \u00e9curies europ\u00e9ennes comme l&rsquo;indique Le10sport En effet, le quotidien Le Parisien explique qu\u2019Antero Henrique se serait bien pench\u00e9 sur le [&hellip;]<\/p>\n","protected":false},"author":1738,"featured_media":32302,"comment_status":"closed","ping_status":"closed","sticky":false,"template":"","format":"standard","meta":{"fifu_image_url":"","fifu_image_alt":"","footnotes":""},"categories":[53,75],"tags":[],"class_list":["post-32301","post","type-post","status-publish","format-standard","has-post-thumbnail","hentry","category-algerie","category-sport"],"_links":{"self":[{"href":"https:\/\/linitiative.ca\/International\/wp-json\/wp\/v2\/posts\/32301","targetHints":{"allow":["GET"]}}],"collection":[{"href":"https:\/\/linitiative.ca\/International\/wp-json\/wp\/v2\/posts"}],"about":[{"href":"https:\/\/linitiative.ca\/International\/wp-json\/wp\/v2\/types\/post"}],"author":[{"embeddable":true,"href":"https:\/\/linitiative.ca\/International\/wp-json\/wp\/v2\/users\/1738"}],"replies":[{"embeddable":true,"href":"https:\/\/linitiative.ca\/International\/wp-json\/wp\/v2\/comments?post=32301"}],"version-history":[{"count":0,"href":"https:\/\/linitiative.ca\/International\/wp-json\/wp\/v2\/posts\/32301\/revisions"}],"wp:featuredmedia":[{"embeddable":true,"href":"https:\/\/linitiative.ca\/International\/wp-json\/"}],"wp:attachment":[{"href":"https:\/\/linitiative.ca\/International\/wp-json\/wp\/v2\/media?parent=32301"}],"wp:term":[{"taxonomy":"category","embeddable":true,"href":"https:\/\/linitiative.ca\/International\/wp-json\/wp\/v2\/categories?post=32301"},{"taxonomy":"post_tag","embeddable":true,"href":"https:\/\/linitiative.ca\/International\/wp-json\/wp\/v2\/tags?post=32301"}],"curies":[{"name":"wp","href":"https:\/\/api.w.org\/{rel}","templated":true}]}}