{"id":32305,"date":"2019-05-05T15:14:15","date_gmt":"2019-05-05T19:14:15","guid":{"rendered":"https:\/\/linitiative.ca\/International\/pros-belaili-on-remportera-la-ligue-des-champions-africaine\/"},"modified":"2019-05-05T15:14:15","modified_gmt":"2019-05-05T19:14:15","slug":"pros-belaili-on-remportera-la-ligue-des-champions-africaine","status":"publish","type":"post","link":"https:\/\/linitiative.ca\/International\/pros-belaili-on-remportera-la-ligue-des-champions-africaine\/","title":{"rendered":"Pros : Belaili: \u00abOn remportera la Ligue des champions africaine\u00bb"},"content":{"rendered":"<div readability=\"32\">\n<p>Auteur : <span>Riad O.<\/span> <span class=\"time\">dimanche 05 mai 2019 14:32<\/span><\/p>\n<\/div>\n<div id=\"post_core\" readability=\"37\">\n<p>Le meneur de jeu Alg\u00e9rien de l\u2019Esp\u00e9rance de Tunis, Youcef Belaili s\u2019est dit tr\u00e8s content de la qaulif\u2019 de son team pour la finale de la Ligue des champions Africaine\u00a0:\u00a0\u00abNous \u00e9tions des hommes sur le terrain. Nous avons d\u00e9croch\u00e9 une qualif\u2019 difficile pour la finale face \u00e0 une tr\u00e8s solide \u00e9quipe du TP Mazembe.\u00bb a-t-il d\u00e9clar\u00e9 \u00e0 la presse tunisienne, avant d\u2019ajouter\u00a0:\u00a0\u00abNous sommes heureux de disputer la finale de la Ligue des champions pour la seconde saison de suite. Je remercie tous ceux qui nous ont soutenu pour atteindre cette finale et inch\u2019Allah on remportera la Ligue des champions africaine.\u00bb<\/p>\n<p><strong>Publi\u00e9 dans :<\/strong> <span>Bela\u00efli<\/span><\/p>\n<\/div>\n<p>Auteur:<br \/>\n<a href=\"http:\/\/www.lebuteur.com\/article\/detail?titre=belaili-on-remportera-la-ligue-des-champions-africaine&#038;id=88546&#038;utm_source=feedburner&#038;utm_medium=feed&#038;utm_campaign=Feed%3A+GalerieFArtciles+%28Les+derniers+articles++-+lebuteur.com%29\">Cliquez ici pour lire l&rsquo;article depuis sa source.<\/a><\/p>\n","protected":false},"excerpt":{"rendered":"<p>Auteur : Riad O. dimanche 05 mai 2019 14:32 Le meneur de jeu Alg\u00e9rien de l\u2019Esp\u00e9rance de Tunis, Youcef Belaili s\u2019est dit tr\u00e8s content de la qaulif\u2019 de son team pour la finale de la Ligue des champions Africaine\u00a0:\u00a0\u00abNous \u00e9tions des hommes sur le terrain. Nous avons d\u00e9croch\u00e9 une qualif\u2019 difficile pour la finale face [&hellip;]<\/p>\n","protected":false},"author":1738,"featured_media":32306,"comment_status":"closed","ping_status":"closed","sticky":false,"template":"","format":"standard","meta":{"fifu_image_url":"","fifu_image_alt":"","footnotes":""},"categories":[53,75],"tags":[],"class_list":["post-32305","post","type-post","status-publish","format-standard","has-post-thumbnail","hentry","category-algerie","category-sport"],"_links":{"self":[{"href":"https:\/\/linitiative.ca\/International\/wp-json\/wp\/v2\/posts\/32305","targetHints":{"allow":["GET"]}}],"collection":[{"href":"https:\/\/linitiative.ca\/International\/wp-json\/wp\/v2\/posts"}],"about":[{"href":"https:\/\/linitiative.ca\/International\/wp-json\/wp\/v2\/types\/post"}],"author":[{"embeddable":true,"href":"https:\/\/linitiative.ca\/International\/wp-json\/wp\/v2\/users\/1738"}],"replies":[{"embeddable":true,"href":"https:\/\/linitiative.ca\/International\/wp-json\/wp\/v2\/comments?post=32305"}],"version-history":[{"count":0,"href":"https:\/\/linitiative.ca\/International\/wp-json\/wp\/v2\/posts\/32305\/revisions"}],"wp:featuredmedia":[{"embeddable":true,"href":"https:\/\/linitiative.ca\/International\/wp-json\/"}],"wp:attachment":[{"href":"https:\/\/linitiative.ca\/International\/wp-json\/wp\/v2\/media?parent=32305"}],"wp:term":[{"taxonomy":"category","embeddable":true,"href":"https:\/\/linitiative.ca\/International\/wp-json\/wp\/v2\/categories?post=32305"},{"taxonomy":"post_tag","embeddable":true,"href":"https:\/\/linitiative.ca\/International\/wp-json\/wp\/v2\/tags?post=32305"}],"curies":[{"name":"wp","href":"https:\/\/api.w.org\/{rel}","templated":true}]}}