{"id":32318,"date":"2019-05-05T11:50:00","date_gmt":"2019-05-05T15:50:00","guid":{"rendered":"https:\/\/linitiative.ca\/International\/cour-dappel-militaire-athmane-tartag-mohamed-mediene-et-said-bouteflika-places-en-detention-provisoire-a-blida\/"},"modified":"2019-05-05T11:50:00","modified_gmt":"2019-05-05T15:50:00","slug":"cour-dappel-militaire-athmane-tartag-mohamed-mediene-et-said-bouteflika-places-en-detention-provisoire-a-blida","status":"publish","type":"post","link":"https:\/\/linitiative.ca\/International\/cour-dappel-militaire-athmane-tartag-mohamed-mediene-et-said-bouteflika-places-en-detention-provisoire-a-blida\/","title":{"rendered":"Cour d&rsquo;appel militaire  : Athmane Tartag, Mohamed Medi\u00e8ne et Said Bouteflika plac\u00e9s en d\u00e9tention provisoire \u00e0 Blida"},"content":{"rendered":"<p>Le juge d&rsquo;instruction militaire pr\u00e8s le tribunal\u00a0 militaire de Blida a ordonn\u00e9, dimanche, le placement en d\u00e9tention\u00a0 provisoire d\u2019Athmane Tartag, Mohamed Medi\u00e8ne et Said Bouteflika pour \u00abatteinte \u00e0 l\u2019autorit\u00e9 de l\u2019Arm\u00e9e\u00bb et \u00abcomplot contre l\u2019autorit\u00e9 de l\u2019Etat\u00bb, indique un communiqu\u00e9 de la Cour d\u2019appel militaire de Blida, dont voici le texte int\u00e9gral:<\/p>\n<p>\u00ab\u00a0Conform\u00e9ment aux dispositions de l&rsquo;article 11, alin\u00e9a 3 du code de\u00a0 proc\u00e9dure p\u00e9nale, et dans le cadre du strict respect de ses dispositions,\u00a0 M. le Procureur g\u00e9n\u00e9ral militaire pr\u00e8s la Cour d&rsquo;appel militaire de Blida\u00a0 porte \u00e0 la connaissance de l&rsquo;opinion publique qu&rsquo;une poursuite judiciaire a\u00a0 \u00e9t\u00e9 ouverte ce jour, 5 mai 2019, \u00e0 l&rsquo;encontre des nomm\u00e9s Athmane Tartag,\u00a0\u00a0 Mohamed Medi\u00e8ne et Said Bouteflika ainsi qu&rsquo;\u00e0 l&rsquo;encontre de toute personne\u00a0 dont l&rsquo;implication est \u00e9tablie par l&rsquo;enqu\u00eate, pour les chefs d&rsquo;inculpation\u00a0 d'\u00a0\u00bbatteinte \u00e0 l&rsquo;autorit\u00e9 de l&rsquo;Arm\u00e9e et complot contre l&rsquo;autorit\u00e9 de\u00a0 l&rsquo;Etat\u00a0\u00bb, des faits pr\u00e9vus et punis par les articles 284 du code de justice\u00a0 militaire et 77 et 78 du code p\u00e9nal.<\/p>\n<p>\u00ab\u00a0Pour les besoins de l&rsquo;enqu\u00eate, le procureur militaire de la R\u00e9publique\u00a0 pr\u00e8s le Tribunal militaire de Blida a charg\u00e9 un juge d&rsquo;instruction\u00a0 militaire d&rsquo;entamer la proc\u00e9dure d&rsquo;instruction, et apr\u00e8s mise en\u00a0 inculpation, ce dernier a rendu des mandats de placement en d\u00e9tention\u00a0<br \/>provisoire \u00e0 l&rsquo;encontre des trois pr\u00e9venus\u00a0\u00bb.\u00a0<\/p>\n<p>Pour rappel, l&rsquo;article 284 du code de justice militaire stipule que \u00ab\u00a0Tout\u00a0 individu coupable de complot ayant pour but de porter atteinte \u00e0 l&rsquo;autorit\u00e9\u00a0 du commandant d&rsquo;une formation militaire, d&rsquo;un b\u00e2timent ou d&rsquo;un a\u00e9ronef\u00a0 militaire, ou \u00e0 la discipline ou \u00e0 la s\u00e9curit\u00e9 de la formation, du b\u00e2timent\u00a0 ou de l&rsquo;a\u00e9ronef, est puni de la r\u00e9clusion criminelle de cinq (5) \u00e0 dix (10)\u00a0 ans. Il y a complot d\u00e8s que la r\u00e9solution d&rsquo;agir est concert\u00e9e et arr\u00eat\u00e9e\u00a0 entre deux ou plusieurs individus. Le maximum de la peine est appliqu\u00e9 aux\u00a0 militaires les plus \u00e9lev\u00e9s en grade et aux instigateurs dudit complot. Si\u00a0 le complot a lieu en temps de guerre, ou sur un territoire en \u00e9tat de si\u00e8ge\u00a0 ou d&rsquo;urgence, ou dans toutes circonstances pouvant mettre en p\u00e9ril la\u00a0 s\u00e9curit\u00e9 de la formation, du b\u00e2timent ou de l&rsquo;a\u00e9ronef, ou a pour but de\u00a0 peser sur la d\u00e9cision du chef militaire responsable, le coupable est puni\u00a0 de mort\u00a0\u00bb.<br \/>\u00a0<\/p>\n<p>APS<br \/>\u00a0<\/p>\n<p>Auteur: elmoudjahid<br \/>\n<a href=\"http:\/\/www.elmoudjahid.com\/fr\/actualites\/136585\">Cliquez ici pour lire l&rsquo;article depuis sa source.<\/a><\/p>\n","protected":false},"excerpt":{"rendered":"<p>Le juge d&rsquo;instruction militaire pr\u00e8s le tribunal\u00a0 militaire de Blida a ordonn\u00e9, dimanche, le placement en d\u00e9tention\u00a0 provisoire d\u2019Athmane Tartag, Mohamed Medi\u00e8ne et Said Bouteflika pour \u00abatteinte \u00e0 l\u2019autorit\u00e9 de l\u2019Arm\u00e9e\u00bb et \u00abcomplot contre l\u2019autorit\u00e9 de l\u2019Etat\u00bb, indique un communiqu\u00e9 de la Cour d\u2019appel militaire de Blida, dont voici le texte int\u00e9gral: \u00ab\u00a0Conform\u00e9ment aux dispositions [&hellip;]<\/p>\n","protected":false},"author":1744,"featured_media":0,"comment_status":"closed","ping_status":"closed","sticky":false,"template":"","format":"standard","meta":{"fifu_image_url":"","fifu_image_alt":"","footnotes":""},"categories":[73,53],"tags":[],"class_list":["post-32318","post","type-post","status-publish","format-standard","hentry","category-actualite","category-algerie"],"_links":{"self":[{"href":"https:\/\/linitiative.ca\/International\/wp-json\/wp\/v2\/posts\/32318","targetHints":{"allow":["GET"]}}],"collection":[{"href":"https:\/\/linitiative.ca\/International\/wp-json\/wp\/v2\/posts"}],"about":[{"href":"https:\/\/linitiative.ca\/International\/wp-json\/wp\/v2\/types\/post"}],"author":[{"embeddable":true,"href":"https:\/\/linitiative.ca\/International\/wp-json\/wp\/v2\/users\/1744"}],"replies":[{"embeddable":true,"href":"https:\/\/linitiative.ca\/International\/wp-json\/wp\/v2\/comments?post=32318"}],"version-history":[{"count":0,"href":"https:\/\/linitiative.ca\/International\/wp-json\/wp\/v2\/posts\/32318\/revisions"}],"wp:attachment":[{"href":"https:\/\/linitiative.ca\/International\/wp-json\/wp\/v2\/media?parent=32318"}],"wp:term":[{"taxonomy":"category","embeddable":true,"href":"https:\/\/linitiative.ca\/International\/wp-json\/wp\/v2\/categories?post=32318"},{"taxonomy":"post_tag","embeddable":true,"href":"https:\/\/linitiative.ca\/International\/wp-json\/wp\/v2\/tags?post=32318"}],"curies":[{"name":"wp","href":"https:\/\/api.w.org\/{rel}","templated":true}]}}