{"id":32328,"date":"2019-05-05T08:21:12","date_gmt":"2019-05-05T12:21:12","guid":{"rendered":"https:\/\/linitiative.ca\/International\/89076-fij-pour-le-developpement-du-judo-dans-les-ecoles-algeriennes\/"},"modified":"2019-05-05T08:21:12","modified_gmt":"2019-05-05T12:21:12","slug":"89076-fij-pour-le-developpement-du-judo-dans-les-ecoles-algeriennes","status":"publish","type":"post","link":"https:\/\/linitiative.ca\/International\/89076-fij-pour-le-developpement-du-judo-dans-les-ecoles-algeriennes\/","title":{"rendered":"FIJ: pour le d\u00e9veloppement du judo dans les \u00e9coles alg\u00e9riennes"},"content":{"rendered":"<div readability=\"37\">\n<p><strong>ALGER &#8211; La F\u00e9d\u00e9ration internationale de judo (FIJ) est pleinement engag\u00e9e pour aider au d\u00e9veloppement de la discipline dans les \u00e9coles primaires alg\u00e9riennes \u00e0 travers son accompagnement logistique et financier et l&rsquo;instauration d&rsquo;un partenariat durable, selon la repr\u00e9sentante de l&rsquo;instance mondiale, la Portugaise Leandra Freitas.<\/strong><\/p>\n<\/div>\n<div readability=\"119.5\">\n<p>\u00ab\u00a0La FIJ est tr\u00e8s contente de pouvoir contribuer au d\u00e9veloppement du judo en Alg\u00e9rie, surtout dans le milieu scolaire en oeuvrant \u00e0 sa promotion \u00e0 travers la formation de professeurs charg\u00e9s de diriger l&rsquo;op\u00e9ration dans le temps\u00a0\u00bb, a indiqu\u00e9 Leandra Freitas \u00e0 l&rsquo;APS.<\/p>\n<p>Le Comit\u00e9 olympique et sportif alg\u00e9rien (COA), en collaboration avec la FIJ, a organis\u00e9 mercredi dernier \u00e0 Alger un s\u00e9minaire sur le judo dans les \u00e9coles, encadr\u00e9 par l&rsquo;ancienne championne du monde portugaise et sa coll\u00e8gue \u00e0 la commission \u00ab\u00a0Judo pour enfants\u00a0\u00bb de la FIJ, la N\u00e9erlandaise Stam Esther.<\/p>\n<p>Le s\u00e9minaire, auquel ont particip\u00e9 plusieurs anciens champions alg\u00e9riens de judo et membres de la F\u00e9d\u00e9ration alg\u00e9rienne (FAJ), dont l&rsquo;actuel Directeur technique national, Salim Boutebcha,\u00a0 avait pour objectif d&rsquo;orienter les participants vers les moyens facilitant la pratique de cette discipline olympique dans les primaires, en mettant en exergue notamment ses valeurs.<\/p>\n<blockquote readability=\"14\">\n<p><em><strong>\u00ab\u00a0En Alg\u00e9rie, j&rsquo;ai enregistr\u00e9 avec satisfaction l&rsquo;engouement des entra\u00eeneurs et leur d\u00e9sir d&rsquo;apprendre les m\u00e9thodes \u00e0 adopter pour bien encadrer les \u00e9coliers qui peuvent \u00eatre les futures \u00e9lites du judo national. On a insist\u00e9 aupr\u00e8s des encadreurs sur le d\u00e9veloppement du judo dans les \u00e9tablissements scolaires et la m\u00e9thode \u00e0 adopter pour y arriver. Il faut mettre en avant les valeurs du judo qui reste un sport \u00e9ducatif pour les enfants\u00a0\u00bb, a expliqu\u00e9, pour sa part, Stam Esther, ajoutant que \u00ab\u00a0l&rsquo;objectif recherch\u00e9 en premier lieu est que l&rsquo;enfant devienne respectueux \u00e0 l&rsquo;\u00e9cole, envers ses parents et son entourage\u00a0\u00bb.<\/strong><\/em><\/p>\n<\/blockquote>\n<p>Outre les s\u00e9minaires qu&rsquo;elle organise, l&rsquo;instance mondiale apporte aussi un apport financier et mat\u00e9riel \u00e0 ce projet.<\/p>\n<p>L&rsquo;op\u00e9ration \u00ab\u00a0Judo dans les \u00e9coles\u00a0\u00bb, fruit d&rsquo;un accord entre le COA, la FAJ et la FIJ, avec l&rsquo;aval du minist\u00e8re de la Jeunesse et des Sports et celui de l&rsquo;Education nationale, a d\u00e9marr\u00e9 il y a deux mois en Alg\u00e9rie, et plus pr\u00e9cis\u00e9ment \u00e0 Tizi-Ouzou avec l&rsquo;\u00e9cole d&rsquo;Aokas comme \u00e9tablissement-pilote.<\/p>\n<p>Le projet est coordonn\u00e9 par l&rsquo;ancienne m\u00e9daill\u00e9e olympique Soraya Haddad qui a d\u00e9cid\u00e9 de lui consacrer tout son temps car il \u00ab\u00a0permettra de pr\u00e9parer une nouvelle g\u00e9n\u00e9ration de judokas avec de bonnes bases, tout en inculquant aux enfants les valeurs du judo \u00e0 l&rsquo;\u00e9cole, comme un sport \u00e9ducatif\u00a0\u00bb.<\/p>\n<p>Dans un premier temps, l&rsquo;\u00e9cole d&rsquo;Aokas et celle d&rsquo;El Harrach \u00e0 Alger (\u00e9cole Abdelhamid-Tata) vont constituer la locomotive du projet, an attendant de toucher d&rsquo;autres wilayas, \u00e0 savoir Constantine, Oran et B\u00e9ja\u00efa o\u00f9 il y aura dans chacune d&rsquo;entre elles quatre \u00e9coles primaires concern\u00e9es auxquelles s\u2019ajoutent trois \u00e9tablissements dans le Sud du pays.<\/p>\n<blockquote readability=\"9\">\n<p><em><strong>\u00ab\u00a0L&rsquo;objectif principal de l&rsquo;op\u00e9ration est d&rsquo;essayer de toucher quelque 2500 enfants pour l&rsquo;ann\u00e9e en cours. Ces \u00e9coliers seront encadr\u00e9s par des entra\u00eeneurs qualifi\u00e9s dont la majorit\u00e9 sont d&rsquo;anciens athl\u00e8tes des \u00e9quipes nationales et d&rsquo;anciens champions d&rsquo;Afrique qui ont fait leurs preuves\u00a0\u00bb, a soulign\u00e9 Soraya Haddad.<\/strong><\/em><\/p>\n<\/blockquote>\n<p>Apr\u00e8s une ann\u00e9e de contrat, un point de situation sera fait avec la FIJ pour prendre connaissance de l&rsquo;\u00e9tat d&rsquo;avancement de l&rsquo;op\u00e9ration et essayer de solutionner les probl\u00e8mes rencontr\u00e9s en cours de route.<\/p>\n<p>\u00ab\u00a0Ce programme sera reconduit chaque ann\u00e9e, donc il y aura une inspection et une \u00e9valuation annuellement. On esp\u00e8re qu&rsquo;il durera au moins quatre ans et pourquoi pas plus, cela d\u00e9pendra de nous et de nos progr\u00e8s\u00a0\u00bb, a souhait\u00e9 Haddad, ajoutant que la F\u00e9d\u00e9ration nationale de judo doit \u00eatre impliqu\u00e9e pour la r\u00e9ussite de l&rsquo;op\u00e9ration.<\/p>\n<p>Selon la N\u00e9erlandaise Stam Esther, un travail \u00ab\u00a0remarquable\u00a0\u00bb a \u00e9t\u00e9 accompli jusqu&rsquo;\u00e0 pr\u00e9sent par la coordinatrice g\u00e9n\u00e9rale du projet (Haddad), les professeurs et les responsables de l&rsquo;\u00e9cole d&rsquo;Aokas.<\/p>\n<p>\u00ab\u00a0Le travail effectu\u00e9 en l&rsquo;espace de deux mois et demi est formidable, \u00e0 voir seulement l&rsquo;enthousiasme sur le visage des enfants de l&rsquo;\u00e9cole d&rsquo;Aokas qu&rsquo;on a visit\u00e9e. Cela nous encourage davantage \u00e0 apporter notre pierre \u00e0 l&rsquo;\u00e9difice que l&rsquo;Alg\u00e9rie veut b\u00e2tir\u00a0\u00bb, s&rsquo;est-elle f\u00e9licit\u00e9e.<\/p>\n<\/div>\n<p>Auteur:<br \/>\n<a href=\"http:\/\/www.aps.dz\/sport\/89076-fij-pour-le-developpement-du-judo-dans-les-ecoles-algeriennes?utm_source=feedburner&#038;utm_medium=feed&#038;utm_campaign=Feed%3A+aps-sport+%28APS+-+SPORT%29\">Cliquez ici pour lire l&rsquo;article depuis sa source.<\/a><\/p>\n","protected":false},"excerpt":{"rendered":"<p>ALGER &#8211; La F\u00e9d\u00e9ration internationale de judo (FIJ) est pleinement engag\u00e9e pour aider au d\u00e9veloppement de la discipline dans les \u00e9coles primaires alg\u00e9riennes \u00e0 travers son accompagnement logistique et financier et l&rsquo;instauration d&rsquo;un partenariat durable, selon la repr\u00e9sentante de l&rsquo;instance mondiale, la Portugaise Leandra Freitas. \u00ab\u00a0La FIJ est tr\u00e8s contente de pouvoir contribuer au d\u00e9veloppement [&hellip;]<\/p>\n","protected":false},"author":1790,"featured_media":0,"comment_status":"closed","ping_status":"closed","sticky":false,"template":"","format":"standard","meta":{"fifu_image_url":"","fifu_image_alt":"","footnotes":""},"categories":[53,75],"tags":[],"class_list":["post-32328","post","type-post","status-publish","format-standard","hentry","category-algerie","category-sport"],"_links":{"self":[{"href":"https:\/\/linitiative.ca\/International\/wp-json\/wp\/v2\/posts\/32328","targetHints":{"allow":["GET"]}}],"collection":[{"href":"https:\/\/linitiative.ca\/International\/wp-json\/wp\/v2\/posts"}],"about":[{"href":"https:\/\/linitiative.ca\/International\/wp-json\/wp\/v2\/types\/post"}],"author":[{"embeddable":true,"href":"https:\/\/linitiative.ca\/International\/wp-json\/wp\/v2\/users\/1790"}],"replies":[{"embeddable":true,"href":"https:\/\/linitiative.ca\/International\/wp-json\/wp\/v2\/comments?post=32328"}],"version-history":[{"count":0,"href":"https:\/\/linitiative.ca\/International\/wp-json\/wp\/v2\/posts\/32328\/revisions"}],"wp:attachment":[{"href":"https:\/\/linitiative.ca\/International\/wp-json\/wp\/v2\/media?parent=32328"}],"wp:term":[{"taxonomy":"category","embeddable":true,"href":"https:\/\/linitiative.ca\/International\/wp-json\/wp\/v2\/categories?post=32328"},{"taxonomy":"post_tag","embeddable":true,"href":"https:\/\/linitiative.ca\/International\/wp-json\/wp\/v2\/tags?post=32328"}],"curies":[{"name":"wp","href":"https:\/\/api.w.org\/{rel}","templated":true}]}}