{"id":32329,"date":"2019-05-05T08:41:15","date_gmt":"2019-05-05T12:41:15","guid":{"rendered":"https:\/\/linitiative.ca\/International\/89077-hand-selection-algerienne-alain-portes-entamera-sa-mission-apres-le-ramadhan\/"},"modified":"2019-05-05T08:41:15","modified_gmt":"2019-05-05T12:41:15","slug":"89077-hand-selection-algerienne-alain-portes-entamera-sa-mission-apres-le-ramadhan","status":"publish","type":"post","link":"https:\/\/linitiative.ca\/International\/89077-hand-selection-algerienne-alain-portes-entamera-sa-mission-apres-le-ramadhan\/","title":{"rendered":"Hand\/S\u00e9lection alg\u00e9rienne: Alain Portes entamera sa mission apr\u00e8s le Ramadhan"},"content":{"rendered":"<div>\n<div class=\"K2FeedImage\"><img decoding=\"async\" src=\"http:\/\/www.aps.dz\/media\/k2\/items\/cache\/8460dbc9958e2b16deaa82db72e0e7ee_S.jpg\" alt=\"Hand\/S\u00e9lection alg\u00e9rienne: Alain Portes entamera sa mission apr\u00e8s le Ramadhan\"><\/div>\n<div class=\"K2FeedIntroText\">\n<p>\u00a0<\/p>\n<p><strong>ALGER &#8211; Le pr\u00e9sident de la F\u00e9d\u00e9ration alg\u00e9rienne de handball (FAHB), Habib Labane, a annonc\u00e9 samedi que l&rsquo;entra\u00eeneur fran\u00e7ais Alain Portes entamera sa mission de s\u00e9lectionneur de l&rsquo;\u00e9quipe nationale (messieurs) apr\u00e8s le mois de Ramadhan.<\/strong><\/p>\n<\/div>\n<div class=\"K2FeedFullText\">\n<p>\u00a0\u00bbJe vous confirme qu&rsquo;Alain Portes sera parmi nous apr\u00e8s le mois de Ramadhan. Il va commencer \u00e0 pr\u00e9parer la Coupe d&rsquo;Afrique des nations 2020 pr\u00e9vue en Tunisie. Nous sommes \u00e0 huit mois du d\u00e9but du rendez-vous continental et je pense que ce sera largement suffisant\u00a0\u00bb, a d\u00e9clar\u00e9 le patron de la FAHB, apr\u00e8s la finale la Coupe d&rsquo;Alg\u00e9rie (messieurs) disput\u00e9e \u00e0 Alger et remport\u00e9e par le GS P\u00e9troliers devant la JSE Skikda (23-22).<\/p>\n<p>Selon Labane, un staff technique 100% alg\u00e9rien sera \u00e0 la disposition d&rsquo;Alain Portes.<\/p>\n<blockquote>\n<p><em><strong>\u00a0\u00bbOn doit lui parler pour finaliser la liste du staff technique qui sera compos\u00e9 de techniciens alg\u00e9riens. J&rsquo;estime que six mois seront suffisants avant d&rsquo;aborder la CAN surtout qu&rsquo;on aura plusieurs p\u00e9riodes de pr\u00e9paration\u00a0\u00bb, a ajout\u00e9 Labane.<\/strong><\/em><\/p>\n<\/blockquote>\n<p>L&rsquo;ancien s\u00e9lectionneur de la Tunisie (2009-2013) et de l&rsquo;\u00e9quipe de France f\u00e9minine (2013-2016) occupait la saison derni\u00e8re le poste d&rsquo;entra\u00eeneur du club de Grand Besan\u00e7on Doubs (France) et vient de boucler une exp\u00e9rience avec les Qataris d&rsquo;Al-Duha\u00efl, marqu\u00e9e par une victoire finale au Championnat d&rsquo;Asie des clubs champions.<\/p>\n<p>La mission d&rsquo;Alain Portes \u00e0 la t\u00eate de la s\u00e9lection alg\u00e9rienne s&rsquo;annonce d\u00e9licate, d&rsquo;autant plus que le Sept national sort de sa pire participation \u00e0 une CAN, en 2018 au Gabon, avec une peu reluisante 6e place, ratant pour la 2e fois cons\u00e9cutive une participation au Mondial.<\/p>\n<p>Le technicien fran\u00e7ais succ\u00e8dera \u00e0 Sofiane Ha\u00efouani, install\u00e9 d\u00e9but octobre 2018 comme Directeur des \u00e9quipes nationales (DEN) \u00e0 la FAHB avant de retourner aux Emirats arabes unis, avec Al-Sharjah o\u00f9 il vient d&rsquo;\u00eatre choisi meilleur entra\u00eeneur de la saison.<\/p>\n<p>Avec Ha\u00efouani, l&rsquo;\u00e9quipe nationale avait \u00e9galement pris la 7e place du tournoi de handball des Jeux m\u00e9diterran\u00e9ens de Tarragone (Espagne), en juin dernier.<\/p>\n<\/div>\n<p><img loading=\"lazy\" decoding=\"async\" src=\"http:\/\/feeds.feedburner.com\/~r\/aps-sport\/~4\/e3tz6H7advU\" height=\"1\" width=\"1\" alt=\"\"><\/div>\n<p>Auteur:<br \/>\n<a href=\"http:\/\/www.aps.dz\/sport\/89077-hand-selection-algerienne-alain-portes-entamera-sa-mission-apres-le-ramadhan?utm_source=feedburner&#038;utm_medium=feed&#038;utm_campaign=Feed%3A+aps-sport+%28APS+-+SPORT%29\">Cliquez ici pour lire l&rsquo;article depuis sa source.<\/a><\/p>\n","protected":false},"excerpt":{"rendered":"<p>\u00a0 ALGER &#8211; Le pr\u00e9sident de la F\u00e9d\u00e9ration alg\u00e9rienne de handball (FAHB), Habib Labane, a annonc\u00e9 samedi que l&rsquo;entra\u00eeneur fran\u00e7ais Alain Portes entamera sa mission de s\u00e9lectionneur de l&rsquo;\u00e9quipe nationale (messieurs) apr\u00e8s le mois de Ramadhan. \u00a0\u00bbJe vous confirme qu&rsquo;Alain Portes sera parmi nous apr\u00e8s le mois de Ramadhan. Il va commencer \u00e0 pr\u00e9parer la [&hellip;]<\/p>\n","protected":false},"author":1790,"featured_media":32330,"comment_status":"closed","ping_status":"closed","sticky":false,"template":"","format":"standard","meta":{"fifu_image_url":"","fifu_image_alt":"","footnotes":""},"categories":[53,75],"tags":[],"class_list":["post-32329","post","type-post","status-publish","format-standard","has-post-thumbnail","hentry","category-algerie","category-sport"],"_links":{"self":[{"href":"https:\/\/linitiative.ca\/International\/wp-json\/wp\/v2\/posts\/32329","targetHints":{"allow":["GET"]}}],"collection":[{"href":"https:\/\/linitiative.ca\/International\/wp-json\/wp\/v2\/posts"}],"about":[{"href":"https:\/\/linitiative.ca\/International\/wp-json\/wp\/v2\/types\/post"}],"author":[{"embeddable":true,"href":"https:\/\/linitiative.ca\/International\/wp-json\/wp\/v2\/users\/1790"}],"replies":[{"embeddable":true,"href":"https:\/\/linitiative.ca\/International\/wp-json\/wp\/v2\/comments?post=32329"}],"version-history":[{"count":0,"href":"https:\/\/linitiative.ca\/International\/wp-json\/wp\/v2\/posts\/32329\/revisions"}],"wp:featuredmedia":[{"embeddable":true,"href":"https:\/\/linitiative.ca\/International\/wp-json\/"}],"wp:attachment":[{"href":"https:\/\/linitiative.ca\/International\/wp-json\/wp\/v2\/media?parent=32329"}],"wp:term":[{"taxonomy":"category","embeddable":true,"href":"https:\/\/linitiative.ca\/International\/wp-json\/wp\/v2\/categories?post=32329"},{"taxonomy":"post_tag","embeddable":true,"href":"https:\/\/linitiative.ca\/International\/wp-json\/wp\/v2\/tags?post=32329"}],"curies":[{"name":"wp","href":"https:\/\/api.w.org\/{rel}","templated":true}]}}