{"id":32333,"date":"2019-05-05T12:18:24","date_gmt":"2019-05-05T16:18:24","guid":{"rendered":"https:\/\/linitiative.ca\/International\/89091-championnats-mediterraneens-jeunes-33-medailles-dont-17-en-or-pour-l-algerie\/"},"modified":"2019-05-05T12:18:24","modified_gmt":"2019-05-05T16:18:24","slug":"89091-championnats-mediterraneens-jeunes-33-medailles-dont-17-en-or-pour-l-algerie","status":"publish","type":"post","link":"https:\/\/linitiative.ca\/International\/89091-championnats-mediterraneens-jeunes-33-medailles-dont-17-en-or-pour-l-algerie\/","title":{"rendered":"Championnats m\u00e9diterran\u00e9ens (jeunes): 33 m\u00e9dailles dont 17 en or pour l\u2019Alg\u00e9rie"},"content":{"rendered":"<div>\n<div class=\"K2FeedImage\"><img decoding=\"async\" src=\"http:\/\/www.aps.dz\/media\/k2\/items\/cache\/2d9a2306d765387785558ea7b0bc8014_S.jpg\" alt=\"Championnats m\u00e9diterran\u00e9ens (jeunes): 33 m\u00e9dailles dont 17 en or pour l\u2019Alg\u00e9rie\"><\/div>\n<div class=\"K2FeedIntroText\">\n<p><strong>ALGER &#8211; Les s\u00e9lections alg\u00e9riennes des luttes associ\u00e9es ont d\u00e9croch\u00e9 33 m\u00e9dailles (17 or, 10 argent et 6 bronze), \u00e0 l&rsquo;issue de la troisi\u00e8me et derni\u00e8re journ\u00e9e des Championnats m\u00e9diterran\u00e9ens cadets et\u00a0U-23 (gar\u00e7ons et filles), organis\u00e9s du 2 au 5 mai \u00e0 Tunis.<\/strong><\/p>\n<\/div>\n<div class=\"K2FeedFullText\">\n<p>Avec un total de 17 m\u00e9dailles d&rsquo;or, les s\u00e9lections alg\u00e9riennes cadets et U-23 ont d\u00e9croch\u00e9 la 2e place par \u00e9quipes derri\u00e8re la Tunisie, pays organisateur, en lutte libre, gr\u00e9co-romaine et f\u00e9minine. \u00ab\u00a0Nous sommes tr\u00e8s satisfaits du travail accompli par les lutteurs qui ont r\u00e9pondu pr\u00e9sent lors de cette comp\u00e9tition, marqu\u00e9e par une concurrence tr\u00e8s rude de la part des Tunisiens et Grecs. Nous avons tr\u00e8s bien pr\u00e9par\u00e9 ce rendez-vous m\u00e9diterran\u00e9en gr\u00e2ce aux efforts consentis par la f\u00e9d\u00e9ration qui a donn\u00e9 tous les moyens n\u00e9cessaires pour une meilleure prise en charge des athl\u00e8tes\u00a0\u00bb, a d\u00e9clar\u00e9 \u00e0 l&rsquo;APS le Directeur technique national (DTN), Idriss Haoues.\u00a0 \u00a0 \u00a0 \u00a0 \u00a0 \u00a0 \u00a0\u00a0<\/p>\n<blockquote>\n<p><em><strong>Pour lui, \u00ab\u00a0au-del\u00e0 des r\u00e9sultats techniques r\u00e9alis\u00e9s \u00e0 Tunis, notre objectif principal est de rendre comp\u00e9titives les s\u00e9lections nationales des cadets et juniors en vue des prochains rendez-vous dont les Jeux africains 2019 et les Championnats du monde. Les lutteurs sont \u00e0 f\u00e9liciter vu les efforts fournis durant les deux derniers mois, notamment apr\u00e8s avoir particip\u00e9 aux Championnats d&rsquo;Afrique \u00e0 Hammamet (Tunisie)\u00a0\u00bb.\u00a0 \u00a0 \u00a0 \u00a0 \u00a0 \u00a0<\/strong> <\/em>\u00a0<\/p>\n<\/blockquote>\n<p>\u00ab\u00a0Je pense que l&rsquo;instance f\u00e9d\u00e9rale et \u00e0 sa t\u00eate le pr\u00e9sident Rabah Chebbah a donn\u00e9 tous les moyens humais et mat\u00e9riels pour offrir \u00e0 nos lutteurs la meilleure pr\u00e9paration possible \u00e0 travers l&rsquo;organisation de stages au Centre de regroupement et de pr\u00e9paration des \u00e9quipes nationales \u00e0 Sou\u00efdania (Alger), mais \u00e9galement en Roumanie, Bulgarie et Hongrie\u00a0\u00bb, a-t-il conclu.\u00a0 \u00a0 \u00a0 \u00a0 \u00a0 \u00a0 \u00a0\u00a0<\/p>\n<p>L&rsquo;Alg\u00e9rie a pris part \u00e0 la 4e \u00e9dition des Championnats m\u00e9diterran\u00e9ens avec une s\u00e9lection compos\u00e9e de 41 athl\u00e8tes : 18 juniors (14 gar\u00e7ons et 4 filles) et 23 cadets (15 gar\u00e7ons et 8 filles).<\/p>\n<p>\u00a0<\/p>\n<\/div>\n<p><img loading=\"lazy\" decoding=\"async\" src=\"http:\/\/feeds.feedburner.com\/~r\/aps-sport\/~4\/ih6V0UQsBtQ\" height=\"1\" width=\"1\" alt=\"\"><\/div>\n<p>Auteur:<br \/>\n<a href=\"http:\/\/www.aps.dz\/sport\/89091-championnats-mediterraneens-jeunes-33-medailles-dont-17-en-or-pour-l-algerie?utm_source=feedburner&#038;utm_medium=feed&#038;utm_campaign=Feed%3A+aps-sport+%28APS+-+SPORT%29\">Cliquez ici pour lire l&rsquo;article depuis sa source.<\/a><\/p>\n","protected":false},"excerpt":{"rendered":"<p>ALGER &#8211; Les s\u00e9lections alg\u00e9riennes des luttes associ\u00e9es ont d\u00e9croch\u00e9 33 m\u00e9dailles (17 or, 10 argent et 6 bronze), \u00e0 l&rsquo;issue de la troisi\u00e8me et derni\u00e8re journ\u00e9e des Championnats m\u00e9diterran\u00e9ens cadets et\u00a0U-23 (gar\u00e7ons et filles), organis\u00e9s du 2 au 5 mai \u00e0 Tunis. Avec un total de 17 m\u00e9dailles d&rsquo;or, les s\u00e9lections alg\u00e9riennes cadets et [&hellip;]<\/p>\n","protected":false},"author":1790,"featured_media":32334,"comment_status":"closed","ping_status":"closed","sticky":false,"template":"","format":"standard","meta":{"fifu_image_url":"","fifu_image_alt":"","footnotes":""},"categories":[53,75],"tags":[],"class_list":["post-32333","post","type-post","status-publish","format-standard","has-post-thumbnail","hentry","category-algerie","category-sport"],"_links":{"self":[{"href":"https:\/\/linitiative.ca\/International\/wp-json\/wp\/v2\/posts\/32333","targetHints":{"allow":["GET"]}}],"collection":[{"href":"https:\/\/linitiative.ca\/International\/wp-json\/wp\/v2\/posts"}],"about":[{"href":"https:\/\/linitiative.ca\/International\/wp-json\/wp\/v2\/types\/post"}],"author":[{"embeddable":true,"href":"https:\/\/linitiative.ca\/International\/wp-json\/wp\/v2\/users\/1790"}],"replies":[{"embeddable":true,"href":"https:\/\/linitiative.ca\/International\/wp-json\/wp\/v2\/comments?post=32333"}],"version-history":[{"count":0,"href":"https:\/\/linitiative.ca\/International\/wp-json\/wp\/v2\/posts\/32333\/revisions"}],"wp:featuredmedia":[{"embeddable":true,"href":"https:\/\/linitiative.ca\/International\/wp-json\/"}],"wp:attachment":[{"href":"https:\/\/linitiative.ca\/International\/wp-json\/wp\/v2\/media?parent=32333"}],"wp:term":[{"taxonomy":"category","embeddable":true,"href":"https:\/\/linitiative.ca\/International\/wp-json\/wp\/v2\/categories?post=32333"},{"taxonomy":"post_tag","embeddable":true,"href":"https:\/\/linitiative.ca\/International\/wp-json\/wp\/v2\/tags?post=32333"}],"curies":[{"name":"wp","href":"https:\/\/api.w.org\/{rel}","templated":true}]}}