{"id":32338,"date":"2019-05-05T14:08:00","date_gmt":"2019-05-05T18:08:00","guid":{"rendered":"https:\/\/linitiative.ca\/International\/incarceration-de-isaad-rebrab-nezzar-depose-plainte-contre-echorouk-tv\/"},"modified":"2019-05-05T14:08:00","modified_gmt":"2019-05-05T18:08:00","slug":"incarceration-de-isaad-rebrab-nezzar-depose-plainte-contre-echorouk-tv","status":"publish","type":"post","link":"https:\/\/linitiative.ca\/International\/incarceration-de-isaad-rebrab-nezzar-depose-plainte-contre-echorouk-tv\/","title":{"rendered":"INCARCERATION DE ISAAD REBRAB : Nezzar d\u00e9pose plainte contre Echorouk TV"},"content":{"rendered":"<p><br id=\"sep_para_1\" class=\"sep_para access\"\/><\/p>\n<div id=\"para_1\" class=\"para_30763934 resize\">\n<div class=\"photo shadow left\"><a href=\"javascript:void(0)\" rel=\"https:\/\/www.reflexiondz.net\/photo\/art\/grande\/33363720-30763934.jpg?v=1557083755&#038;ibox\" title=\"INCARCERATION DE ISAAD REBRAB : Nezzar d\u00e9pose plainte contre Echorouk TV\"><img decoding=\"async\" class=\"responsive c9\" src=\"https:\/\/www.reflexiondz.net\/photo\/art\/grande\/33363720-30763934.jpg?v=1557083755\" alt=\"INCARCERATION DE ISAAD REBRAB : Nezzar d\u00e9pose plainte contre Echorouk TV\" title=\"INCARCERATION DE ISAAD REBRAB : Nezzar d\u00e9pose plainte contre Echorouk TV\"\/><img decoding=\"async\" class=\"not-responsive\" src=\"https:\/\/www.reflexiondz.net\/photo\/art\/default\/33363720-30763934.jpg?v=1557083757\" alt=\"INCARCERATION DE ISAAD REBRAB : Nezzar d\u00e9pose plainte contre Echorouk TV\" title=\"INCARCERATION DE ISAAD REBRAB : Nezzar d\u00e9pose plainte contre Echorouk TV\"\/><\/a><\/div>\n<div class=\"texte access firstletter\">L\u2019ancien ministre de la D\u00e9fense nationale, le g\u00e9n\u00e9ral \u00e0 la retraite Khaled Nezzar, a d\u00e9cid\u00e9 de porter plainte contre Ramdane Hamlat, ancien colonel de l\u2019ANP, et la cha\u00eene de t\u00e9l\u00e9vision priv\u00e9e Echorouk TV, pour \u00abdiffamation\u00bb, a rapport\u00e9 hier, le site Alg\u00e9riePatriotique, appartenant \u00e0 Lotfi Nezzar. \u2018\u2019M. Ramdane Hamlat a cit\u00e9 le g\u00e9n\u00e9ral Khaled Nezzar en prof\u00e9rant des mensonges et en lan\u00e7ant des accusations \u00e0 l\u2019emporte-pi\u00e8ce \u00e0 son encontre, sans aucune argumentation ni coh\u00e9rence\u2019\u2019, explique la source. L\u2019ancien membre du Haut comit\u00e9 d\u2019Etat (HCE) \u00abd\u00e9nonce avec force la propension de ce m\u00e9dia \u00e0 v\u00e9hiculer des messages haineux visant \u00e0 semer la discorde et \u00e0 jeter l\u2019opprobre sur tous ceux qui ont eu \u00e0 exercer une responsabilit\u00e9 au sein de l\u2019Etat, sans distinction aucune\u00bb, pr\u00e9cise la m\u00eame source.\u00a0\u00a0\u00a0\u00a0\u00a0\u00a0\u00a0\u00a0\u00a0\u00a0\u00a0\u00a0\u00a0<\/div>\n<\/div>\n<p>Auteur: Nadine<br \/>\n<a href=\"https:\/\/www.reflexiondz.net\/INCARCERATION-DE-ISAAD-REBRAB-Nezzar-depose-plainte-contre-Echorouk-TV_a55717.html\">Cliquez ici pour lire l&rsquo;article depuis sa source.<\/a><\/p>\n","protected":false},"excerpt":{"rendered":"<p>L\u2019ancien ministre de la D\u00e9fense nationale, le g\u00e9n\u00e9ral \u00e0 la retraite Khaled Nezzar, a d\u00e9cid\u00e9 de porter plainte contre Ramdane Hamlat, ancien colonel de l\u2019ANP, et la cha\u00eene de t\u00e9l\u00e9vision priv\u00e9e Echorouk TV, pour \u00abdiffamation\u00bb, a rapport\u00e9 hier, le site Alg\u00e9riePatriotique, appartenant \u00e0 Lotfi Nezzar. \u2018\u2019M. Ramdane Hamlat a cit\u00e9 le g\u00e9n\u00e9ral Khaled Nezzar en [&hellip;]<\/p>\n","protected":false},"author":1740,"featured_media":0,"comment_status":"closed","ping_status":"closed","sticky":false,"template":"","format":"standard","meta":{"fifu_image_url":"","fifu_image_alt":"","footnotes":""},"categories":[53,76],"tags":[],"class_list":["post-32338","post","type-post","status-publish","format-standard","hentry","category-algerie","category-regions"],"_links":{"self":[{"href":"https:\/\/linitiative.ca\/International\/wp-json\/wp\/v2\/posts\/32338","targetHints":{"allow":["GET"]}}],"collection":[{"href":"https:\/\/linitiative.ca\/International\/wp-json\/wp\/v2\/posts"}],"about":[{"href":"https:\/\/linitiative.ca\/International\/wp-json\/wp\/v2\/types\/post"}],"author":[{"embeddable":true,"href":"https:\/\/linitiative.ca\/International\/wp-json\/wp\/v2\/users\/1740"}],"replies":[{"embeddable":true,"href":"https:\/\/linitiative.ca\/International\/wp-json\/wp\/v2\/comments?post=32338"}],"version-history":[{"count":0,"href":"https:\/\/linitiative.ca\/International\/wp-json\/wp\/v2\/posts\/32338\/revisions"}],"wp:attachment":[{"href":"https:\/\/linitiative.ca\/International\/wp-json\/wp\/v2\/media?parent=32338"}],"wp:term":[{"taxonomy":"category","embeddable":true,"href":"https:\/\/linitiative.ca\/International\/wp-json\/wp\/v2\/categories?post=32338"},{"taxonomy":"post_tag","embeddable":true,"href":"https:\/\/linitiative.ca\/International\/wp-json\/wp\/v2\/tags?post=32338"}],"curies":[{"name":"wp","href":"https:\/\/api.w.org\/{rel}","templated":true}]}}