{"id":32348,"date":"2019-05-05T04:43:37","date_gmt":"2019-05-05T08:43:37","guid":{"rendered":"https:\/\/linitiative.ca\/International\/les-tentatives-de-division-se-sont-averees-vaines-les-algeriens-tiennent-a-leur-unite\/"},"modified":"2019-05-05T04:43:37","modified_gmt":"2019-05-05T08:43:37","slug":"les-tentatives-de-division-se-sont-averees-vaines-les-algeriens-tiennent-a-leur-unite","status":"publish","type":"post","link":"https:\/\/linitiative.ca\/International\/les-tentatives-de-division-se-sont-averees-vaines-les-algeriens-tiennent-a-leur-unite\/","title":{"rendered":"Les tentatives de division se sont av\u00e9r\u00e9es vaines : Les Alg\u00e9riens tiennent \u00e0 leur unit\u00e9"},"content":{"rendered":"<h4 class=\"title-14\"\/>\n<div class=\"featured_image\">\n<p><img loading=\"lazy\" decoding=\"async\" width=\"800\" height=\"592\" src=\"https:\/\/www.elwatan.com\/wp-content\/uploads\/2019\/05\/drap-b-souhil-col-e1557006333586.jpg\" class=\"attachment-post-thumbnail size-post-thumbnail wp-post-image\" alt=\"\"\/><\/p>\n<p> <span class=\"featured-image-caption\">Rassemblement \u00e0 Alger vendredi dernier (Photo : Souhil B)<\/span><\/div>\n<p>Les Alg\u00e9riens ont montr\u00e9 encore une fois, ce vendredi, le 11e de la contestation populaire, que rien ne pouvait alt\u00e9rer leur attachement \u00e0 l\u2019unit\u00e9 nationale. Toutes les tentatives de division, des plus \u00absoft\u00bb aux plus viles, se sont av\u00e9r\u00e9es inop\u00e9rantes face \u00e0 la d\u00e9termination du peuple alg\u00e9rien, jusque-l\u00e0 extr\u00eamement vigilant vis-\u00e0-vis de certains mots d\u2019ordre galvaud\u00e9s par une minorit\u00e9 d\u2019\u00abactivistes\u00bb s\u00e9vissant sur les r\u00e9seaux sociaux mus, surtout, par le souci de faire \u00e9chouer le mouvement et sauver le \u00absyst\u00e8me\u00bb.<\/p>\n<p>Avant-hier, ils \u00e9taient des milliers \u00e0 scander \u00abKhawa khawa, makanch onsoria\u00bb (Fr\u00e8res, fr\u00e8res, pas de racisme, ndlr), dans les rues d\u2019Alger et dans d\u2019autres villes du pays, comme pour r\u00e9pondre aux diff\u00e9rentes man\u0153uvres initi\u00e9es par des cercles qui ont comme objectif de provoquer des clivages au sein du \u00abmouvement\u00bb.<\/p>\n<p>Des manifestants ont m\u00eame pris l\u2019initiative de ramener 48 drapeaux nationaux g\u00e9ants avec le nom d\u2019une wilaya sur chacun d\u2019eux. Les Alg\u00e9riens ont voulu, \u00e0 tout prix, afficher leur \u00abunion\u00bb in\u00e9branlable en ces temps de contestation. Il y a deux semaines, une pol\u00e9mique avait \u00e9clat\u00e9 au sujet du drapeau amazigh.<\/p>\n<p>Certains se sont m\u00eame amus\u00e9s \u00e0 \u00abfabriquer\u00bb un faux communiqu\u00e9 de la police nationale dans lequel la direction de cette institution indiquait que ce drapeau \u00e9tait interdit lors des manifestations du vendredi. Fort heureusement, la DGSN a vite r\u00e9agi pour affirmer que le communiqu\u00e9 en question \u00e9tait un \u00abfake\u00bb.<\/p>\n<p>Le lendemain, le vendredi 19 avril, le drapeau amazigh a flott\u00e9 normalement dans le ciel alg\u00e9rois et dans d\u2019autres wilayas du pays, m\u00eame si certains policiers, par m\u00e9connaissance ou par z\u00e8le, avaient provoqu\u00e9 des manifestants, dans la matin\u00e9e, \u00e0 la Grande-Poste, en tentant de le leur arracher des mains. Depuis, la pol\u00e9mique s\u2019est estomp\u00e9e. Mieux encore, l\u2019\u00e9tendard amazigh est de plus en plus pr\u00e9sent, m\u00eame dans des wilayas dont les citoyens n\u2019avaient pas l\u2019habitude de le porter, et ce, au grand dam des quelques \u00abn\u00e9gationnistes\u00bb qui n\u2019ont jamais admis l\u2019officialisation de tamazight et ceux qui agissent par pure ruse dans le souci de diviser les Alg\u00e9riens autour de cette question.<\/p>\n<p>Il n\u2019y a qu\u2019\u00e0 voir l\u2019\u00abaccueil\u00bb r\u00e9serv\u00e9, mercredi dernier, par des habitants de Djelfa, \u00e0 un groupe d\u2019activistes, dont la d\u00e9put\u00e9e Naima Salhi, qui se sont d\u00e9plac\u00e9s \u00e0 cette wilaya pour organiser une marche de soutien au chef d\u2019\u00e9tat-major de l\u2019ANP, tout en avan\u00e7ant des slogans anti-amazigh. Ils ont tout simplement \u00e9t\u00e9 chass\u00e9s de la ville.<\/p>\n<p>A Jijel, ce sont les autorit\u00e9s locales qui avaient d\u00e9cid\u00e9 d\u2019enlever un drapeau amazigh accroch\u00e9 sur un boulevard de la ville. En r\u00e9action, des jeunes l\u2019ont carr\u00e9ment reproduit sur un mur \u00e0 c\u00f4t\u00e9 du drapeau alg\u00e9rien. Donc, face \u00e0 chaque man\u0153uvre, les Alg\u00e9riens disent, et ce, de diff\u00e9rentes mani\u00e8res, que rien ne pourra les diviser, d\u00e9jouant ainsi toutes les tentatives de clivage.<\/p>\n<p>Les manifestants arrivent souvent \u00e0 \u00abd\u00e9celer\u00bb les \u00abcoups bas\u00bb visant \u00e0 affaiblir le mouvement populaire auquel, faut-il le rappeler, prennent part des citoyens de diff\u00e9rents bords politiques. Pour l\u2019heure, les Alg\u00e9riens arrivent \u00e0 transcender leurs diff\u00e9rences id\u00e9ologiques, en s\u2019accrochant \u00e0 leur mot d\u2019ordre principal, \u00e0 savoir \u00abYetnahaw gaa\u00bb (Ils partent tous), qui les a tous r\u00e9unis.<\/p>\n<p>Depuis le 22 f\u00e9vrier, premier vendredi des manifestations grandioses, plusieurs pol\u00e9miques ont \u00e9clat\u00e9 (f\u00e9ministes, drapeau amazigh, conf\u00e9rence du MAK, pr\u00e9sence d\u2019un carr\u00e9 de l\u2019ancien FIS, arrestation de certains hommes d\u2019affaires, avec ou contre l\u2019\u00e9tat-major de l\u2019ANP, Taleb Ibrahimi\u2026) sans que cela ne puisse diviser les Alg\u00e9riens.<\/p>\n<p>D\u2019autres d\u00e9saccords s\u00e9mantiques suivront certainement. Mais au vu du sens politique aigu dont ont fait preuve jusque-l\u00e0 bon nombre de manifestants, il est peu probable, dans le contexte actuel, alors que le pays ne s\u2019est pas encore engag\u00e9 dans une transition, que cela puisse avoir le moindre effet sur le hirak.<\/p>\n<div class=\"yuzo_related_post style-1\" data-version=\"5.12.88\">\n<p><h3>Related Post<\/h3>\n<\/p>\n<div class=\"yuzo_wraps\">\n<div class=\"relatedthumb relatedpost-495032 c10\"><a href=\"https:\/\/www.elwatan.com\/regions\/ouest\/chlef\/chlef-vers-la-suppression-des-onze-passages-a-niveau-07-01-2019\"\/><\/p>\n<p><span class=\"yuzo__text--title c9\">Chlef : Vers la suppression des onze passages \u00e0 ni&#8230;<\/span><\/div>\n<div class=\"relatedthumb relatedpost-294757 c10\"><a href=\"https:\/\/www.elwatan.com\/edition\/culture\/moliere-etait-il-beninois-13-07-2009\"\/><\/p>\n<p><span class=\"yuzo__text--title c9\">Moli\u00e8re \u00e9tait-il B\u00e9ninois ?<\/span><\/div>\n<div class=\"relatedthumb relatedpost-471931 c10\"><a href=\"https:\/\/www.elwatan.com\/regions\/sud\/actu-sud\/dr-meriem-bouzid-sababou-anthropologue-et-directrice-de-recherche-au-niveau-du-cnrpah-2-27-11-2014\"\/><\/p>\n<p><span class=\"yuzo__text--title c9\">Dr Meriem Bouzid Sababou. Anthropologue et directr&#8230;<\/span><\/div>\n<div class=\"relatedthumb relatedpost-572130 c10\"><a href=\"https:\/\/www.elwatan.com\/point-zero\/frapper-la-tete-23-04-2019\"\/><\/p>\n<p><span class=\"yuzo__text--title c9\">Frapper la t\u00eate<\/span><\/div>\n<\/div>\n<\/div>\n<p><span class=\"post-views-label\">Post Views:<\/span> <span class=\"post-views-count\">2\u00a0123<\/span><\/p>\n<p>Auteur: Hicham Chouadria<br \/>\n<a href=\"https:\/\/www.elwatan.com\/edition\/actualite\/les-tentatives-de-division-se-sont-averees-vaines-les-algeriens-tiennent-a-leur-unite-05-05-2019\">Cliquez ici pour lire l&rsquo;article depuis sa source.<\/a><\/p>\n","protected":false},"excerpt":{"rendered":"<p>Rassemblement \u00e0 Alger vendredi dernier (Photo : Souhil B) Les Alg\u00e9riens ont montr\u00e9 encore une fois, ce vendredi, le 11e de la contestation populaire, que rien ne pouvait alt\u00e9rer leur attachement \u00e0 l\u2019unit\u00e9 nationale. Toutes les tentatives de division, des plus \u00absoft\u00bb aux plus viles, se sont av\u00e9r\u00e9es inop\u00e9rantes face \u00e0 la d\u00e9termination du peuple [&hellip;]<\/p>\n","protected":false},"author":1743,"featured_media":32349,"comment_status":"closed","ping_status":"closed","sticky":false,"template":"","format":"standard","meta":{"fifu_image_url":"","fifu_image_alt":"","footnotes":""},"categories":[73,53],"tags":[],"class_list":["post-32348","post","type-post","status-publish","format-standard","has-post-thumbnail","hentry","category-actualite","category-algerie"],"_links":{"self":[{"href":"https:\/\/linitiative.ca\/International\/wp-json\/wp\/v2\/posts\/32348","targetHints":{"allow":["GET"]}}],"collection":[{"href":"https:\/\/linitiative.ca\/International\/wp-json\/wp\/v2\/posts"}],"about":[{"href":"https:\/\/linitiative.ca\/International\/wp-json\/wp\/v2\/types\/post"}],"author":[{"embeddable":true,"href":"https:\/\/linitiative.ca\/International\/wp-json\/wp\/v2\/users\/1743"}],"replies":[{"embeddable":true,"href":"https:\/\/linitiative.ca\/International\/wp-json\/wp\/v2\/comments?post=32348"}],"version-history":[{"count":0,"href":"https:\/\/linitiative.ca\/International\/wp-json\/wp\/v2\/posts\/32348\/revisions"}],"wp:featuredmedia":[{"embeddable":true,"href":"https:\/\/linitiative.ca\/International\/wp-json\/"}],"wp:attachment":[{"href":"https:\/\/linitiative.ca\/International\/wp-json\/wp\/v2\/media?parent=32348"}],"wp:term":[{"taxonomy":"category","embeddable":true,"href":"https:\/\/linitiative.ca\/International\/wp-json\/wp\/v2\/categories?post=32348"},{"taxonomy":"post_tag","embeddable":true,"href":"https:\/\/linitiative.ca\/International\/wp-json\/wp\/v2\/tags?post=32348"}],"curies":[{"name":"wp","href":"https:\/\/api.w.org\/{rel}","templated":true}]}}