{"id":32350,"date":"2019-05-05T05:00:02","date_gmt":"2019-05-05T09:00:02","guid":{"rendered":"https:\/\/linitiative.ca\/International\/lassociation-denonce-un-systeme-machiavelique-le-forum-de-raj-empeche\/"},"modified":"2019-05-05T05:00:02","modified_gmt":"2019-05-05T09:00:02","slug":"lassociation-denonce-un-systeme-machiavelique-le-forum-de-raj-empeche","status":"publish","type":"post","link":"https:\/\/linitiative.ca\/International\/lassociation-denonce-un-systeme-machiavelique-le-forum-de-raj-empeche\/","title":{"rendered":"L\u2019association d\u00e9nonce un \u00absyst\u00e8me machiav\u00e9lique\u00bb : Le forum de RAJ emp\u00each\u00e9"},"content":{"rendered":"<h4 class=\"title-14\"\/>\n<p>L\u2019association Rassemblement Actions Jeunesse (RAJ) n\u2019a pas pu tenir, hier, son forum hebdomadaire au square Sofia, \u00e0 proximit\u00e9 de la Grande-Poste (Alger).<\/p>\n<p>Le parc public, l\u00e0 o\u00f9 l\u2019association \u00aborganise son forum chaque samedi \u00e0 15h30, est bizarrement ferm\u00e9 par la police du commissariat de Cavaignac, selon les gardiens du jardin\u00bb, pr\u00e9cise l\u2019organisation dans un post publi\u00e9, en d\u00e9but d\u2019apr\u00e8s-midi, sur sa page Facebook.<\/p>\n<p>D\u00e9cision a \u00e9t\u00e9 prise par les animateurs de Raj de d\u00e9localiser l\u2019activit\u00e9 au jardin proche Khemisti, mais l\u00e0 aussi la police est intervenue pour interdire le forum et la prise de parole par les citoyens pr\u00e9sents, constate l\u2019association, qui a post\u00e9 les r\u00e9actions offusqu\u00e9es de ses adh\u00e9rents et de citoyens, intervenus sur Radio Raj.<\/p>\n<p>Le pr\u00e9sident de RAJ, Abdelouahab Fersaoui, d\u00e9nonce un acte \u00aben contradiction avec le discours officiel\u00bb. \u00abComme d\u2019habitude, nous organisons, chaque samedi \u00e0 partir de 15h30, le forum de RAJ au parc Sofia, cette fois-ci, nous l\u2019avons trouv\u00e9 ferm\u00e9. Selon les gardiens, ce sont les policiers du commissariat de Cavaignac qui sont venus pour fermer le jardin.<\/p>\n<p>Nous avons d\u00e9cid\u00e9 alors de l\u2019organiser au niveau du jardin en face, Khemisti. Trente minutes apr\u00e8s le d\u00e9but du d\u00e9bat, la police est venue pour emp\u00eacher ce forum. C\u2019est un acte \u00e0 d\u00e9noncer avec force ; c\u2019est un retour aux anciennes pratiques d\u2019avant le 22 f\u00e9vrier, alors que le peuple alg\u00e9rien s\u2019est lib\u00e9r\u00e9 et il s\u2019est r\u00e9appropri\u00e9 des espaces publics et de d\u00e9bats.<\/p>\n<p>C\u2019est un acquis du mouvement du 22 f\u00e9vrier qu\u2019il faut sauvegarder. Cette interdiction est en contradiction avec le discours officiel du pouvoir r\u00e9el, incarn\u00e9 par le chef d\u2019\u00e9tat-major qui soutient le mouvement. Cela refl\u00e8te l\u2019absence de volont\u00e9 politique pour r\u00e9pondre aux revendications l\u00e9gitimes de la rue\u00bb, s\u2019offusque, dans une d\u00e9claration \u00e0 El Watan, le pr\u00e9sident de RAJ.<\/p>\n<p>Si au lendemain du 22 f\u00e9vrier, les policiers ont tol\u00e9r\u00e9 les actions de rue, au centre-ville de la capitale, un tour de vis a \u00e9t\u00e9 constat\u00e9 ces derni\u00e8res semaines.<\/p>\n<p>Des interventions parfois muscl\u00e9es se sont multipli\u00e9es, emp\u00eachant tout rassemblement, \u00e0 l\u2019exception des mardis et vendredis. D\u00e9but avril, des policiers ont emp\u00each\u00e9 la tenue d\u2019un rassemblement auquel avait appel\u00e9 un collectif de lutte contre la maltraitance des animaux.<\/p>\n<p>Des policiers ont interpell\u00e9, \u00e0 cette occasion, le journaliste d\u2019El Watan Meziane Abane et le militant du MDS Mohamed Salah Lounis, ainsi que des artistes. En r\u00e9action, des organisations (MDS, PST, RAJ) ont appel\u00e9 \u00e0 maintenir les actions de rue, particuli\u00e8rement \u00e0 la Grande-Poste. Fait grave\u00a0: des militantes interpell\u00e9es \u00e0 cet endroit ont \u00e9t\u00e9 d\u00e9shabill\u00e9es dans un commissariat situ\u00e9 \u00e0 Baraki (Alger). La DGSN a d\u00e9menti.<\/p>\n<p>Ne s\u2019avouant pas vaincue, l\u2019association RAJ a d\u00e9cid\u00e9 d\u2019organiser ses forums sur la place publique afin de \u00abse r\u00e9approprier les espaces de d\u00e9bat, la rue \u00e9tant, assure RAJ, un espace de participation citoyenne\u00bb. Malgr\u00e9 la fermeture du jardin Sofia, l\u2019association annonce maintenir son forum. \u00abNous continuerons \u00e0 organiser le forum de RAJ dans les espaces publics, notamment au parc Sofia.<\/p>\n<p>Nous devrons continuer la lutte et les manifestations pacifiques, le mouvement doit poursuivre , c\u2019est le seul garant face \u00e0 ce syst\u00e8me machiav\u00e9lique qui ne se soucie que de son maintien au pouvoir\u00bb, tranche le pr\u00e9sident de RAJ, Abdelouahab Fersaoui.<\/p>\n<div class=\"yuzo_related_post style-1\" data-version=\"5.12.88\">\n<p><h3>Related Post<\/h3>\n<\/p>\n<div class=\"yuzo_wraps\">\n<div class=\"relatedthumb relatedpost-161078 c10\"><a href=\"https:\/\/www.elwatan.com\/edition\/contributions\/tout-un-programme-pour-lalgerie-16-11-2018\"\/><\/p>\n<p><span class=\"yuzo__text--title c9\">Tout un programme pour l\u2019Alg\u00e9rie<\/span><\/div>\n<div class=\"relatedthumb relatedpost-574105 c10\"><a href=\"https:\/\/www.elwatan.com\/edition\/actualite\/9e-reunion-des-forces-du-changement-organiser-une-rencontre-nationale-de-sortie-de-crise-27-04-2019\"\/><\/p>\n<p><span class=\"yuzo__text--title c9\">9e r\u00e9union des forces du changement : Organiser un&#8230;<\/span><\/div>\n<div class=\"relatedthumb relatedpost-144856 c10\"><a href=\"https:\/\/www.elwatan.com\/edition\/sports\/pac-crb-une-prime-pour-les-belouizdadis-20-08-2018\"\/><\/p>\n<p><span class=\"yuzo__text--title c9\">PAC \u2013 CRB : Une prime pour les Belouizdadis<\/span><\/div>\n<div class=\"relatedthumb relatedpost-568299 c10\"><a href=\"https:\/\/www.elwatan.com\/pages-hebdo\/sante\/diabete-chez-lenfant-une-augmentation-annuelle-de-10-en-algerie-07-04-2019\"\/><\/p>\n<p><span class=\"yuzo__text--title c9\">Diab\u00e8te chez l\u2019enfant : Une augmentation annuelle &#8230;<\/span><\/div>\n<\/div>\n<\/div>\n<p><span class=\"post-views-label\">Post Views:<\/span> <span class=\"post-views-count\">684<\/span><\/p>\n<p>Auteur: Hicham Chouadria<br \/>\n<a href=\"https:\/\/www.elwatan.com\/edition\/actualite\/lassociation-denonce-un-systeme-machiavelique-le-forum-de-raj-empeche-05-05-2019\">Cliquez ici pour lire l&rsquo;article depuis sa source.<\/a><\/p>\n","protected":false},"excerpt":{"rendered":"<p>L\u2019association Rassemblement Actions Jeunesse (RAJ) n\u2019a pas pu tenir, hier, son forum hebdomadaire au square Sofia, \u00e0 proximit\u00e9 de la Grande-Poste (Alger). Le parc public, l\u00e0 o\u00f9 l\u2019association \u00aborganise son forum chaque samedi \u00e0 15h30, est bizarrement ferm\u00e9 par la police du commissariat de Cavaignac, selon les gardiens du jardin\u00bb, pr\u00e9cise l\u2019organisation dans un post [&hellip;]<\/p>\n","protected":false},"author":1743,"featured_media":0,"comment_status":"closed","ping_status":"closed","sticky":false,"template":"","format":"standard","meta":{"fifu_image_url":"","fifu_image_alt":"","footnotes":""},"categories":[73,53],"tags":[],"class_list":["post-32350","post","type-post","status-publish","format-standard","hentry","category-actualite","category-algerie"],"_links":{"self":[{"href":"https:\/\/linitiative.ca\/International\/wp-json\/wp\/v2\/posts\/32350","targetHints":{"allow":["GET"]}}],"collection":[{"href":"https:\/\/linitiative.ca\/International\/wp-json\/wp\/v2\/posts"}],"about":[{"href":"https:\/\/linitiative.ca\/International\/wp-json\/wp\/v2\/types\/post"}],"author":[{"embeddable":true,"href":"https:\/\/linitiative.ca\/International\/wp-json\/wp\/v2\/users\/1743"}],"replies":[{"embeddable":true,"href":"https:\/\/linitiative.ca\/International\/wp-json\/wp\/v2\/comments?post=32350"}],"version-history":[{"count":0,"href":"https:\/\/linitiative.ca\/International\/wp-json\/wp\/v2\/posts\/32350\/revisions"}],"wp:attachment":[{"href":"https:\/\/linitiative.ca\/International\/wp-json\/wp\/v2\/media?parent=32350"}],"wp:term":[{"taxonomy":"category","embeddable":true,"href":"https:\/\/linitiative.ca\/International\/wp-json\/wp\/v2\/categories?post=32350"},{"taxonomy":"post_tag","embeddable":true,"href":"https:\/\/linitiative.ca\/International\/wp-json\/wp\/v2\/tags?post=32350"}],"curies":[{"name":"wp","href":"https:\/\/api.w.org\/{rel}","templated":true}]}}