{"id":32353,"date":"2019-05-05T05:30:22","date_gmt":"2019-05-05T09:30:22","guid":{"rendered":"https:\/\/linitiative.ca\/International\/ils-seraient-traduits-devant-des-juridictions-militaires-said-bouteflika-et-les-generaux-tartag-et-toufik-arretes\/"},"modified":"2019-05-05T05:30:22","modified_gmt":"2019-05-05T09:30:22","slug":"ils-seraient-traduits-devant-des-juridictions-militaires-said-bouteflika-et-les-generaux-tartag-et-toufik-arretes","status":"publish","type":"post","link":"https:\/\/linitiative.ca\/International\/ils-seraient-traduits-devant-des-juridictions-militaires-said-bouteflika-et-les-generaux-tartag-et-toufik-arretes\/","title":{"rendered":"Ils seraient traduits devant des juridictions militaires : Sa\u00efd Bouteflika et les g\u00e9n\u00e9raux Tartag et Toufik arr\u00eat\u00e9s"},"content":{"rendered":"<h4 class=\"title-14\"\/>\n<div class=\"featured_image\">\n<p><img loading=\"lazy\" decoding=\"async\" width=\"2440\" height=\"1350\" src=\"https:\/\/www.elwatan.com\/wp-content\/uploads\/2019\/05\/montage-e1557012374949.jpg\" class=\"attachment-post-thumbnail size-post-thumbnail wp-post-image\" alt=\"\" srcset=\"https:\/\/www.elwatan.com\/wp-content\/uploads\/2019\/05\/montage-e1557012374949.jpg 2440w, https:\/\/www.elwatan.com\/wp-content\/uploads\/2019\/05\/montage-e1557012374949-300x166.jpg 300w, https:\/\/www.elwatan.com\/wp-content\/uploads\/2019\/05\/montage-e1557012374949-768x425.jpg 768w, https:\/\/www.elwatan.com\/wp-content\/uploads\/2019\/05\/montage-e1557012374949-1024x567.jpg 1024w, https:\/\/www.elwatan.com\/wp-content\/uploads\/2019\/05\/montage-e1557012374949-1320x730.jpg 1320w\" sizes=\"auto, (max-width: 2440px) 100vw, 2440px\"\/><\/p>\n<p> <span class=\"featured-image-caption\">Said Bouteflika , Mohamed Medi\u00e8ne, dit Toufik, et Bachir Tartag,<\/span><\/div>\n<p>La nouvelle a vite fait le tour du pays. Le \u00abpuissant\u00bb fr\u00e8re-conseiller de l\u2019ancien Pr\u00e9sident d\u00e9chu, Sa\u00efd Bouteflika, et les g\u00e9n\u00e9raux et anciens patrons des services de renseignement (ex-DRS) Mohamed Medi\u00e8ne, dit Toufik, et Bachir Tartag, ont \u00e9t\u00e9 interpell\u00e9s par les services de s\u00e9curit\u00e9.<\/p>\n<p>L\u2019information a d\u2019abord \u00e9t\u00e9 donn\u00e9e par des internautes sur le r\u00e9seau social Facebook, hier vers 14h, avant d\u2019\u00eatre reprise par plusieurs m\u00e9dias \u00e9lectroniques en citant des sources s\u00fbres.<\/p>\n<p>Selon les m\u00eames sources, ils ont \u00e9t\u00e9 conduits \u00e0 la Direction g\u00e9n\u00e9rale de la s\u00e9curit\u00e9 int\u00e9rieure (DGSI) pour \u00eatre entendus dans le cadre d\u2019une enqu\u00eate sur leurs activit\u00e9s.<\/p>\n<p>Selon certaines sources, les trois anciens responsables ont \u00e9t\u00e9 \u00abarr\u00eat\u00e9s chez eux suite \u00e0 un mandat du procureur militaire\u00bb. Ils devraient \u00eatre entendus avant d\u2019\u00eatre pr\u00e9sent\u00e9s, \u00e9ventuellement, aujourd\u2019hui, devant le procureur.<\/p>\n<p>Cette interpellation, ajoute-t-on, s\u2019inscrit dans le cadre d\u2019une enqu\u00eate pr\u00e9liminaire men\u00e9e par des officiers de la police judiciaire militaire. Mais aucun communiqu\u00e9 officiel n\u2019a \u00e9t\u00e9 diffus\u00e9 pour confirmer ou infirmer l\u2019information.<\/p>\n<p>Ces trois anciens responsables \u00e9taient dans le viseur du chef d\u2019\u00e9tat-major de l\u2019APN, Ahmed Ga\u00efd Salah, depuis le d\u00e9but du mois d\u2019avril dernier.<\/p>\n<p>Dans son discours du 2 avril, le vice-ministre de la D\u00e9fense avait d\u00e9nonc\u00e9 \u00abune bande\u00bb qui a accapar\u00e9 des pr\u00e9rogatives pr\u00e9sidentielles et a point\u00e9 du doigt des \u00abparties malveillantes\u00a0qui complotaient contre l\u2019arm\u00e9e\u00bb.<\/p>\n<p>\u00abAlors que le peuple alg\u00e9rien attendait avec impatience la satisfaction de ses revendications l\u00e9gitimes, a paru, en date du 1er avril, un communiqu\u00e9 attribu\u00e9 au pr\u00e9sident de la R\u00e9publique, alors qu\u2019en r\u00e9alit\u00e9, il \u00e9manait d\u2019entit\u00e9s non constitutionnelles et non habilit\u00e9es, ayant trait \u00e0 la prise de d\u00e9cisions importantes concernant la phase de transition.<\/p>\n<p>Dans ce contexte particulier, nous confirmons que toute d\u00e9cision prise en dehors du cadre constitutionnel est consid\u00e9r\u00e9e comme nulle et non avenue\u00bb, avait-il lanc\u00e9.<\/p>\n<p>Quelques jours plus tard, et r\u00e9agissant au d\u00e9menti du g\u00e9n\u00e9ral Toufik et la lettre de l\u2019ancien pr\u00e9sident Liamine Zeroual, Ahmed Ga\u00efd Salah est revenu \u00e0 la charge pour accuser \u00a0publiquement l\u2019ancien patron du DRS de comploter contre l\u2019arm\u00e9e et le mouvement populaire. Il lui lance ainsi \u00abun dernier avertissement\u00bb, le sommant de \u00abcesser ses activit\u00e9s\u00bb.<\/p>\n<p>Le chef d\u2019\u00e9tat-major de l\u2019ANP dit m\u00eame d\u00e9tenir des \u00abpreuves\u00bb confirmant ses accusations.<\/p>\n<p><strong>Sa\u00efd Bouteflika, \u00abchef de la bande\u00bb<\/strong><\/p>\n<p>Le g\u00e9n\u00e9ral Bachir Tartag, qui a d\u00e9missionn\u00e9 de son poste de chef de la Direction des services de s\u00e9curit\u00e9 (DSS), le 2 avril, soit le m\u00eame jour du d\u00e9part de Abdelaziz Bouteflika, est, quant \u00e0 lui, consid\u00e9r\u00e9 comme un \u00abproche de Sa\u00efd Bouteflika\u00bb. Est-il membre de \u00abces parties malveillantes\u00bb d\u00e9nonc\u00e9es par Ga\u00efd Salah\u00a0? On n\u2019en sait rien pour l\u2019instant.<\/p>\n<p>Comme le g\u00e9n\u00e9ral Toufik, Sa\u00efd Bouteflika a aussi \u00e9t\u00e9 attaqu\u00e9, sans le nommer, par le chef d\u2019\u00e9tat-major de l\u2019ANP en parlant de \u00abla t\u00eate de la 3issaba (la bande) qui a confisqu\u00e9 le pouvoir pr\u00e9sidentiel\u00bb. L\u2019homme a \u00e9t\u00e9 cit\u00e9 aussi par le g\u00e9n\u00e9ral \u00e0 la retraite Khaled Nezzar, dans un texte publi\u00e9, la semaine derni\u00e8re, sur le site de son fils, Algeriepatriotique.com.<\/p>\n<p>Selon lui, le fr\u00e8re cadet de l\u2019ex-chef de l\u2019Etat lui \u00aba d\u2019abord demand\u00e9 son avis sur le limogeage d\u2019Ahmed Ga\u00efd Salah\u00bb, avant de lui faire part \u00abde sa volont\u00e9 d\u2019instaurer l\u2019\u00e9tat d\u2019urgence ou l\u2019\u00e9tat de si\u00e8ge\u00bb afin de sauver le r\u00e9gime.<\/p>\n<p>Son arrestation serait aussi une r\u00e9ponse \u00e0 la demande de la rue qui r\u00e9clame, depuis le d\u00e9but de cette crise, son jugement.<\/p>\n<div class=\"yuzo_related_post style-1\" data-version=\"5.12.88\">\n<p><h3>Related Post<\/h3>\n<\/p>\n<div class=\"yuzo_wraps\">\n<div class=\"relatedthumb relatedpost-464125 c10\"><a href=\"https:\/\/www.elwatan.com\/regions\/sud\/actu-sud\/in-amenas-15-faussaires-sub-sahariens-arretes-2-12-08-2014\"\/><\/p>\n<p><span class=\"yuzo__text--title c9\">In Amenas : 15 faussaires sub-sahariens arr\u00eat\u00e9s<\/span><\/div>\n<div class=\"relatedthumb relatedpost-567998 c10\"><a href=\"https:\/\/www.elwatan.com\/regions\/ouest\/mostaganem\/mostaganem-deux-trafiquants-de-cannabis-et-de-psychotropes-arretes-06-04-2019\"\/><\/p>\n<p><span class=\"yuzo__text--title c9\">Mostaganem :\u00a0Deux trafiquants de cannabis et de ps&#8230;<\/span><\/div>\n<div class=\"relatedthumb relatedpost-358374 c10\"><a href=\"https:\/\/www.elwatan.com\/regions\/est\/constantine\/exposition-art-universel-au-musee-cirta-constantine-lheritage-de-trois-siecles-de-production-artistique-devoile-19-12-2018\"\/><\/p>\n<p><span class=\"yuzo__text--title c9\">Exposition. \u00abArt universel\u00bb au mus\u00e9e Cirta (Consta&#8230;<\/span><\/div>\n<div class=\"relatedthumb relatedpost-485395 c10\"><a href=\"https:\/\/www.elwatan.com\/edition\/sports\/mco-et-asmo-menaces-de-relegation-bouffee-doxygene-financiere-pour-el-hamri-et-mdina-jdida-05-01-2019\"\/><\/p>\n<p><span class=\"yuzo__text--title c9\">MCO et ASMO menac\u00e9s de rel\u00e9gation : Bouff\u00e9e d\u2019oxyg&#8230;<\/span><\/div>\n<\/div>\n<\/div>\n<p><span class=\"post-views-label\">Post Views:<\/span> <span class=\"post-views-count\">12\u00a0435<\/span><\/p>\n<p>Auteur: Hicham Chouadria<br \/>\n<a href=\"https:\/\/www.elwatan.com\/a-la-une\/ils-seraient-traduits-devant-des-juridictions-militaires-said-bouteflika-et-les-generaux-tartag-et-toufik-arretes-05-05-2019\">Cliquez ici pour lire l&rsquo;article depuis sa source.<\/a><\/p>\n","protected":false},"excerpt":{"rendered":"<p>Said Bouteflika , Mohamed Medi\u00e8ne, dit Toufik, et Bachir Tartag, La nouvelle a vite fait le tour du pays. Le \u00abpuissant\u00bb fr\u00e8re-conseiller de l\u2019ancien Pr\u00e9sident d\u00e9chu, Sa\u00efd Bouteflika, et les g\u00e9n\u00e9raux et anciens patrons des services de renseignement (ex-DRS) Mohamed Medi\u00e8ne, dit Toufik, et Bachir Tartag, ont \u00e9t\u00e9 interpell\u00e9s par les services de s\u00e9curit\u00e9. L\u2019information [&hellip;]<\/p>\n","protected":false},"author":1743,"featured_media":32354,"comment_status":"closed","ping_status":"closed","sticky":false,"template":"","format":"standard","meta":{"fifu_image_url":"","fifu_image_alt":"","footnotes":""},"categories":[73,53],"tags":[],"class_list":["post-32353","post","type-post","status-publish","format-standard","has-post-thumbnail","hentry","category-actualite","category-algerie"],"_links":{"self":[{"href":"https:\/\/linitiative.ca\/International\/wp-json\/wp\/v2\/posts\/32353","targetHints":{"allow":["GET"]}}],"collection":[{"href":"https:\/\/linitiative.ca\/International\/wp-json\/wp\/v2\/posts"}],"about":[{"href":"https:\/\/linitiative.ca\/International\/wp-json\/wp\/v2\/types\/post"}],"author":[{"embeddable":true,"href":"https:\/\/linitiative.ca\/International\/wp-json\/wp\/v2\/users\/1743"}],"replies":[{"embeddable":true,"href":"https:\/\/linitiative.ca\/International\/wp-json\/wp\/v2\/comments?post=32353"}],"version-history":[{"count":0,"href":"https:\/\/linitiative.ca\/International\/wp-json\/wp\/v2\/posts\/32353\/revisions"}],"wp:featuredmedia":[{"embeddable":true,"href":"https:\/\/linitiative.ca\/International\/wp-json\/"}],"wp:attachment":[{"href":"https:\/\/linitiative.ca\/International\/wp-json\/wp\/v2\/media?parent=32353"}],"wp:term":[{"taxonomy":"category","embeddable":true,"href":"https:\/\/linitiative.ca\/International\/wp-json\/wp\/v2\/categories?post=32353"},{"taxonomy":"post_tag","embeddable":true,"href":"https:\/\/linitiative.ca\/International\/wp-json\/wp\/v2\/tags?post=32353"}],"curies":[{"name":"wp","href":"https:\/\/api.w.org\/{rel}","templated":true}]}}