{"id":32355,"date":"2019-05-05T07:07:34","date_gmt":"2019-05-05T11:07:34","guid":{"rendered":"https:\/\/linitiative.ca\/International\/affaire-rebrab-la-chambre-daccusation-decide-du-maintien-en-detention\/"},"modified":"2019-05-05T07:07:34","modified_gmt":"2019-05-05T11:07:34","slug":"affaire-rebrab-la-chambre-daccusation-decide-du-maintien-en-detention","status":"publish","type":"post","link":"https:\/\/linitiative.ca\/International\/affaire-rebrab-la-chambre-daccusation-decide-du-maintien-en-detention\/","title":{"rendered":"Affaire Rebrab : la chambre d\u2019accusation d\u00e9cide du maintien en d\u00e9tention"},"content":{"rendered":"<h4 class=\"title-14\"\/>\n<div class=\"featured_image\">\n<p><img loading=\"lazy\" decoding=\"async\" width=\"800\" height=\"646\" src=\"https:\/\/www.elwatan.com\/wp-content\/uploads\/2019\/03\/rebrab-col.jpg\" class=\"attachment-post-thumbnail size-post-thumbnail wp-post-image\" alt=\"\" srcset=\"https:\/\/www.elwatan.com\/wp-content\/uploads\/2019\/03\/rebrab-col.jpg 800w, https:\/\/www.elwatan.com\/wp-content\/uploads\/2019\/03\/rebrab-col-300x242.jpg 300w, https:\/\/www.elwatan.com\/wp-content\/uploads\/2019\/03\/rebrab-col-768x620.jpg 768w\" sizes=\"auto, (max-width: 800px) 100vw, 800px\"\/><\/p>\n<\/div>\n<p><span class=\"_5yl5\">La chambre d\u2019accusation pr\u00e9s la cour d\u2019Alger vient de confirmer la d\u00e9tention provisoire d\u00e9cid\u00e9e par le juge d\u2019instruction du tribunal de Sidi m\u2019hamed, contre Issad Rabrab, patron du groupe Cevital, apprend-on de source judiciaire.\u00a0<\/span><\/p>\n<p>Le collectif de d\u00e9fense du patron du groupe Cevital, Isaad Rabrab, a plaid\u00e9 ce dimanche matin devant les magistrats de la chambre d\u2019accusation pr\u00e9s la cour d\u2019Alger contre la mise sous mandat de d\u00e9p\u00f4t, d\u00e9cid\u00e9e le 28 avril dernier.<\/p>\n<p>Il estime que cette d\u00e9cision \u00ab\u00a0n\u2019est nullement justifi\u00e9e\u00a0\u00bb \u00e9tant donn\u00e9 que \u00ab\u00a0le dossier\u00a0 concerne des infractions douani\u00e8res qui offre toutes les garanties pour r\u00e9pondre \u00e0 chaque fois qu\u2019il est n\u00e9cessaire la justice\u00a0\u00bb.<\/p>\n<p>Lors de cette audience, le parquet a demand\u00e9 quant \u00e0 lui, la confirmation de la d\u00e9tention, sans pour autant argumenter sa requ\u00eate.<\/p>\n<p><span class=\"post-views-label\">Post Views:<\/span> <span class=\"post-views-count\">6\u00a0423<\/span><\/p>\n<p>Auteur: Mourad Hachid<br \/>\n<a href=\"https:\/\/www.elwatan.com\/edition\/actualite\/affaire-rabrab-devant-la-chambre-daccusation-pres-la-cour-dalger-les-avocats-plaident-la-mise-en-liberte-05-05-2019\">Cliquez ici pour lire l&rsquo;article depuis sa source.<\/a><\/p>\n","protected":false},"excerpt":{"rendered":"<p>La chambre d\u2019accusation pr\u00e9s la cour d\u2019Alger vient de confirmer la d\u00e9tention provisoire d\u00e9cid\u00e9e par le juge d\u2019instruction du tribunal de Sidi m\u2019hamed, contre Issad Rabrab, patron du groupe Cevital, apprend-on de source judiciaire.\u00a0 Le collectif de d\u00e9fense du patron du groupe Cevital, Isaad Rabrab, a plaid\u00e9 ce dimanche matin devant les magistrats de la [&hellip;]<\/p>\n","protected":false},"author":1743,"featured_media":32356,"comment_status":"closed","ping_status":"closed","sticky":false,"template":"","format":"standard","meta":{"fifu_image_url":"","fifu_image_alt":"","footnotes":""},"categories":[73,53],"tags":[],"class_list":["post-32355","post","type-post","status-publish","format-standard","has-post-thumbnail","hentry","category-actualite","category-algerie"],"_links":{"self":[{"href":"https:\/\/linitiative.ca\/International\/wp-json\/wp\/v2\/posts\/32355","targetHints":{"allow":["GET"]}}],"collection":[{"href":"https:\/\/linitiative.ca\/International\/wp-json\/wp\/v2\/posts"}],"about":[{"href":"https:\/\/linitiative.ca\/International\/wp-json\/wp\/v2\/types\/post"}],"author":[{"embeddable":true,"href":"https:\/\/linitiative.ca\/International\/wp-json\/wp\/v2\/users\/1743"}],"replies":[{"embeddable":true,"href":"https:\/\/linitiative.ca\/International\/wp-json\/wp\/v2\/comments?post=32355"}],"version-history":[{"count":0,"href":"https:\/\/linitiative.ca\/International\/wp-json\/wp\/v2\/posts\/32355\/revisions"}],"wp:featuredmedia":[{"embeddable":true,"href":"https:\/\/linitiative.ca\/International\/wp-json\/"}],"wp:attachment":[{"href":"https:\/\/linitiative.ca\/International\/wp-json\/wp\/v2\/media?parent=32355"}],"wp:term":[{"taxonomy":"category","embeddable":true,"href":"https:\/\/linitiative.ca\/International\/wp-json\/wp\/v2\/categories?post=32355"},{"taxonomy":"post_tag","embeddable":true,"href":"https:\/\/linitiative.ca\/International\/wp-json\/wp\/v2\/tags?post=32355"}],"curies":[{"name":"wp","href":"https:\/\/api.w.org\/{rel}","templated":true}]}}