{"id":32368,"date":"2019-05-05T06:00:00","date_gmt":"2019-05-05T10:00:00","guid":{"rendered":"https:\/\/linitiative.ca\/International\/masque-pour-eclaircir-et-blanchir-votre-peau\/"},"modified":"2019-05-05T06:00:00","modified_gmt":"2019-05-05T10:00:00","slug":"masque-pour-eclaircir-et-blanchir-votre-peau","status":"publish","type":"post","link":"https:\/\/linitiative.ca\/International\/masque-pour-eclaircir-et-blanchir-votre-peau\/","title":{"rendered":"Masque pour \u00e9claircir et blanchir votre peau"},"content":{"rendered":"<p>Si vous avez la couleur de votre peau plus fonc\u00e9e que la couleur de votre corps, voici la recette miracle qui r\u00e9soudra votre probl\u00e8me en 4 jours\u2026<br \/>vous avez une couleur de visage plus fonc\u00e9e que la couleur de votre corps et vous cherchez un rem\u00e8de miracle pour \u00e9claircir et blanchir votre peau, voici la recette de grand-m\u00e8re qui r\u00e9soudra votre probl\u00e8me en 4 jours:<br \/><strong>Ingr\u00e9dients<\/strong><br \/>\u2022 Trois cuill\u00e8res \u00e0 caf\u00e9 d&rsquo;amandes en poudre\u00a0<br \/>\u2022 Blanc d&rsquo;un \u0153uf\u00a0<br \/>\u2022 Une petite cuill\u00e8re \u00e0 caf\u00e9 de jus de citron\u00a0<br \/><strong>M\u00e9thode d\u2019utilisation :<\/strong><br \/>\u2022 Battre ces ingr\u00e9dients pour obtenir un m\u00e9lange homog\u00e8ne, puis appliquer le masque sur votre visage ainsi que votre cou, et le laisser agir pendant vingt minutes environ.\u00a0<br \/>\u2022 Rincer \u00e0 l&rsquo;eau ti\u00e8de et frotter doucement le visage d&rsquo;un mouvement circulaire, puis essuyez votre peau \u00e0 l\u2019aide d\u2019une d\u00e9barbouillette tremp\u00e9e dans de l&rsquo;eau de rose.\u00a0<br \/>R\u00e9p\u00e9ter le masque 4 fois par semaine pour obtenir une peau plus claire et plus lumineuse.<\/p>\n<p>Auteur:<br \/>\n<a href=\"https:\/\/www.lesoirdalgerie.com\/femme-magazine\/masque-pour-eclaircir-et-blanchir-votre-peau-23312\">Cliquez ici pour lire l&rsquo;article depuis sa source.<\/a><\/p>\n","protected":false},"excerpt":{"rendered":"<p>Si vous avez la couleur de votre peau plus fonc\u00e9e que la couleur de votre corps, voici la recette miracle qui r\u00e9soudra votre probl\u00e8me en 4 jours\u2026vous avez une couleur de visage plus fonc\u00e9e que la couleur de votre corps et vous cherchez un rem\u00e8de miracle pour \u00e9claircir et blanchir votre peau, voici la recette [&hellip;]<\/p>\n","protected":false},"author":1741,"featured_media":0,"comment_status":"closed","ping_status":"closed","sticky":false,"template":"","format":"standard","meta":{"fifu_image_url":"","fifu_image_alt":"","footnotes":""},"categories":[73,53],"tags":[],"class_list":["post-32368","post","type-post","status-publish","format-standard","hentry","category-actualite","category-algerie"],"_links":{"self":[{"href":"https:\/\/linitiative.ca\/International\/wp-json\/wp\/v2\/posts\/32368","targetHints":{"allow":["GET"]}}],"collection":[{"href":"https:\/\/linitiative.ca\/International\/wp-json\/wp\/v2\/posts"}],"about":[{"href":"https:\/\/linitiative.ca\/International\/wp-json\/wp\/v2\/types\/post"}],"author":[{"embeddable":true,"href":"https:\/\/linitiative.ca\/International\/wp-json\/wp\/v2\/users\/1741"}],"replies":[{"embeddable":true,"href":"https:\/\/linitiative.ca\/International\/wp-json\/wp\/v2\/comments?post=32368"}],"version-history":[{"count":0,"href":"https:\/\/linitiative.ca\/International\/wp-json\/wp\/v2\/posts\/32368\/revisions"}],"wp:attachment":[{"href":"https:\/\/linitiative.ca\/International\/wp-json\/wp\/v2\/media?parent=32368"}],"wp:term":[{"taxonomy":"category","embeddable":true,"href":"https:\/\/linitiative.ca\/International\/wp-json\/wp\/v2\/categories?post=32368"},{"taxonomy":"post_tag","embeddable":true,"href":"https:\/\/linitiative.ca\/International\/wp-json\/wp\/v2\/tags?post=32368"}],"curies":[{"name":"wp","href":"https:\/\/api.w.org\/{rel}","templated":true}]}}