{"id":32371,"date":"2019-05-05T02:58:57","date_gmt":"2019-05-05T06:58:57","guid":{"rendered":"https:\/\/linitiative.ca\/International\/comment-les-communes-peuvent-aider-lemploi\/"},"modified":"2019-05-05T02:58:57","modified_gmt":"2019-05-05T06:58:57","slug":"comment-les-communes-peuvent-aider-lemploi","status":"publish","type":"post","link":"https:\/\/linitiative.ca\/International\/comment-les-communes-peuvent-aider-lemploi\/","title":{"rendered":"Comment les communes peuvent aider l\u2019emploi"},"content":{"rendered":"<p class=\"p1\">Les communes sont aussi responsables de la lutte contre le ch\u00f4mage, en cr\u00e9ant les conditions susceptibles de cr\u00e9er de l\u2019<strong>emploi<\/strong>.<span class=\"Apple-converted-space\">\u00a0\u00a0<\/span><\/p>\n<div class=\"c10\"\/>\n<p class=\"p1\"><span class=\"s1\">L<\/span><span class=\"s1\">e d\u00e9bat sur les centres r\u00e9gionaux d\u2019investissement et la charte de l\u2019investissement partent dans tous les sens. On a l\u2019impression que la d\u00e9centralisation n\u2019est qu\u2019un v\u0153u pieux et non pas une option fondatrice, puisque l\u2019on d\u00e9poss\u00e8de les communes de toute pr\u00e9rogative de vision de l\u2019espace au profit du minist\u00e8re de l\u2019Int\u00e9rieur, qui jure qu\u2019il agira <em>\u00ab avec la mobilisation des \u00e9lus locaux \u00bb<\/em>.<\/span><\/p>\n<p class=\"p2\"><span class=\"s1\">Nous aboutissons \u00e0 une vraie d\u00e9responsabilisation des collectivit\u00e9s locales, alors que le but annonc\u00e9 est exactement inverse. C\u2019est une probl\u00e9matique qu\u2019il faut r\u00e9gler rapidement si l\u2019on veut que le projet de d\u00e9concentration, r\u00e9volutionnaire sur le papier, produise tous ses effets.<\/span><\/p>\n<h2>\u00ab\u00a0<span class=\"s1\">Nous aboutissons \u00e0 une vraie d\u00e9responsabilisation des collectivit\u00e9s locales\u00a0\u00bb<\/span><\/h2>\n<p class=\"p2\"><span class=\"s1\">Les communes sont en principe, initiatrices, ou tout au moins actrices de l\u2019am\u00e9nagement de leurs territoires. Il est impossible d\u2019imaginer une politique de la ville, un am\u00e9nagement du territoire au niveau national qui n\u2019implique pas les \u00e9lus locaux, non pas en tant que suiveurs mais en tant qu\u2019acteurs. Prenons l\u2019exemple de Safi, une ville que je connais bien. Safi-Sud est vou\u00e9e \u00e0 \u00eatre une zone industrielle, polluante, mais cr\u00e9atrice d\u2019emplois. Safi Nord peut devenir un vrai p\u00f4le touristique, les plages \u00e9tant magnifiques. Mais le risque c\u2019est que la ville, l\u2019ancienne M\u00e9dina et les quartiers avoisinants deviennent une ville dortoir.<\/span><\/p>\n<p class=\"p2\"><span class=\"s1\">Mais les communes ne peuvent pas se d\u00e9charger sur le comportement centralisateur au-del\u00e0 des textes, de l\u2019administration. Pour cr\u00e9er un potentiel d\u2019emplois, elles ont toutes les comp\u00e9tences pour agir. Susciter le passage de l\u2019informel au formel d\u2019activit\u00e9s qui existent d\u00e9j\u00e0, para\u00eet le plus simple.<\/span><\/p>\n<p class=\"p2\"><span class=\"s1\">On peut prendre en exemple la restauration des rues. Partout vous avez des gens qui vendent des produits<span class=\"Apple-converted-space\">\u00a0<\/span> cuisin\u00e9s. Il n\u2019y a aucun contr\u00f4le sanitaire, aucun imp\u00f4t r\u00e9colt\u00e9. Mais comme il y a une client\u00e8le, souvent des travailleurs sous-pay\u00e9s, c\u2019est un commerce qui se d\u00e9veloppe, avec la complicit\u00e9 des autorit\u00e9s, puisqu\u2019il ne respecte aucune r\u00e8gle. Pourquoi ne pas am\u00e9nager des espaces \u00e0 des trucking foods, cr\u00e9er des commerces p\u00e9rennes dans la l\u00e9galit\u00e9 ?<\/span><\/p>\n<p class=\"p2\"><span class=\"s1\">Les communes investissent, lancent des travaux. Rien dans la loi ne leur interdit d\u2019exiger une pr\u00e9f\u00e9rence locale dans leurs appels d\u2019offres, en cas de sous-traitance. Il n\u2019est pas normal qu\u2019une r\u00e9gion ne b\u00e9n\u00e9ficie en rien de l\u2019investissement de ses contribuables, durant les travaux. Il est d\u2019ailleurs n\u00e9cessaire de changer la loi sur les march\u00e9s publics. Pourquoi est-ce qu\u2019une entreprise de Casablanca, grande par sa taille et ses r\u00e9f\u00e9rences, concurrence les PME d\u2019Amizmiz pour des march\u00e9s d\u2019un million de dirhams, qu\u2019elle sous-traite dans la majorit\u00e9 des cas. Fixer un montant, en dessous duquel la pr\u00e9f\u00e9rence r\u00e9gionale peut jouer n\u2019est pas d\u00e9nu\u00e9 de sens.<\/span><\/p>\n<p class=\"p2\"><span class=\"s1\">Les \u00e9lus locaux ne g\u00e8rent plus ni les transports publics, ni le ramassage des ordures, ni la distribution d\u2019eau et d\u2019\u00e9lectricit\u00e9. S\u2019ils ne peuvent pas influer sur l\u2019emploi, l\u2019attractivit\u00e9 de leur ville, \u00e0 quoi servent-ils ?<\/span><\/p>\n<div class=\"c17\">\n<fieldset class=\"c16\">\n<legend><strong><span class=\"c11\">Challenge<\/span><span class=\"c12\">news<\/span><\/strong><\/legend>\n<div class=\"c15\">Le meilleur de la r\u00e9daction s\u00e9lectionn\u00e9 par Challenge :<\/p>\n<\/div>\n<\/fieldset>\n<\/div>\n<p>Auteur: Jamal Berraoui<br \/>\n<a href=\"https:\/\/www.challenge.ma\/comment-les-communes-peuvent-aider-lemploi-108688\/\">Cliquez ici pour lire l&rsquo;article depuis sa source.<\/a><\/p>\n","protected":false},"excerpt":{"rendered":"<p>Les communes sont aussi responsables de la lutte contre le ch\u00f4mage, en cr\u00e9ant les conditions susceptibles de cr\u00e9er de l\u2019emploi.\u00a0\u00a0 Le d\u00e9bat sur les centres r\u00e9gionaux d\u2019investissement et la charte de l\u2019investissement partent dans tous les sens. On a l\u2019impression que la d\u00e9centralisation n\u2019est qu\u2019un v\u0153u pieux et non pas une option fondatrice, puisque l\u2019on [&hellip;]<\/p>\n","protected":false},"author":1787,"featured_media":0,"comment_status":"closed","ping_status":"closed","sticky":false,"template":"","format":"standard","meta":{"fifu_image_url":"","fifu_image_alt":"","footnotes":""},"categories":[78,54],"tags":[],"class_list":["post-32371","post","type-post","status-publish","format-standard","hentry","category-economie","category-maroc"],"_links":{"self":[{"href":"https:\/\/linitiative.ca\/International\/wp-json\/wp\/v2\/posts\/32371","targetHints":{"allow":["GET"]}}],"collection":[{"href":"https:\/\/linitiative.ca\/International\/wp-json\/wp\/v2\/posts"}],"about":[{"href":"https:\/\/linitiative.ca\/International\/wp-json\/wp\/v2\/types\/post"}],"author":[{"embeddable":true,"href":"https:\/\/linitiative.ca\/International\/wp-json\/wp\/v2\/users\/1787"}],"replies":[{"embeddable":true,"href":"https:\/\/linitiative.ca\/International\/wp-json\/wp\/v2\/comments?post=32371"}],"version-history":[{"count":0,"href":"https:\/\/linitiative.ca\/International\/wp-json\/wp\/v2\/posts\/32371\/revisions"}],"wp:attachment":[{"href":"https:\/\/linitiative.ca\/International\/wp-json\/wp\/v2\/media?parent=32371"}],"wp:term":[{"taxonomy":"category","embeddable":true,"href":"https:\/\/linitiative.ca\/International\/wp-json\/wp\/v2\/categories?post=32371"},{"taxonomy":"post_tag","embeddable":true,"href":"https:\/\/linitiative.ca\/International\/wp-json\/wp\/v2\/tags?post=32371"}],"curies":[{"name":"wp","href":"https:\/\/api.w.org\/{rel}","templated":true}]}}