{"id":32372,"date":"2019-05-05T08:35:55","date_gmt":"2019-05-05T12:35:55","guid":{"rendered":"https:\/\/linitiative.ca\/International\/tanger-valeo-investit-130-millions-deuros-dans-une-nouvelle-plateforme\/"},"modified":"2019-05-05T08:35:55","modified_gmt":"2019-05-05T12:35:55","slug":"tanger-valeo-investit-130-millions-deuros-dans-une-nouvelle-plateforme","status":"publish","type":"post","link":"https:\/\/linitiative.ca\/International\/tanger-valeo-investit-130-millions-deuros-dans-une-nouvelle-plateforme\/","title":{"rendered":"Tanger : Valeo investit 130 millions d\u2019euros dans une nouvelle plateforme"},"content":{"rendered":"<p>Le puissant \u00e9quipementier fran\u00e7ais, pr\u00e9sent presque partout dans le secteur automobile sur la plan\u00e8te, continue sa marche en avant dan son projet industriel au Maroc. Sp\u00e9cialis\u00e9 dans la fabrication de pi\u00e8ces et \u00e9quipements automobiles, <strong>Valeo<\/strong>, a inaugur\u00e9, vendredi \u00e0 Tanger Automotive City, son nouveau site industriel pour un investissement de 130 millions.<\/p>\n<div class=\"c10\"\/>\n<p>Le patron fran\u00e7ais <strong>Jacques Aschenbroich<\/strong> a tenu \u00e0 exprimer sa satisfaction, aux c\u00f4t\u00e9s de Moulay Hafid Elalamy, le ministre de l\u2019Industrie et du Commerce, quant \u00e0 la qualit\u00e9 de la main d\u2019\u0153uvre marocaine et surtout la r\u00e9activit\u00e9 des autorit\u00e9s marocaines qui sont en t\u00eate du \u00ab\u00a0Benchmark\u00a0\u00bb en la mati\u00e8re au niveau mondial.<\/p>\n<p>Lire la suite :\u00a0<a href=\"https:\/\/www.challenge.ma\/pole-industriel-tanger-med-55-milliards-de-dh-realises-a-lexport-en-2017-96500\/\" target=\"_blank\" rel=\"noopener noreferrer\">P\u00f4le industriel Tanger Med : 55 milliards de DH r\u00e9alis\u00e9s \u00e0 l\u2019export en 2017<\/a><\/p>\n<p>C\u2019est un milliard d\u2019euros de chiffre d\u2019affaires que viserait le groupe fran\u00e7ais, d\u2019apr\u00e8s une d\u00e9claration du pr\u00e9sident de Val\u00e9o, lors de l\u2019inauguration du site de l\u2019\u00e9quipementier \u00e0 Tanger.<\/p>\n<p>Le groupe fran\u00e7ais, qui r\u00e9alise actuellement au Maroc un chiffre d\u2019affaires de 76 millions d\u2019euros et un taux d\u2019int\u00e9gration locale de 64%, permet d\u2019introduire des sp\u00e9cialit\u00e9s nouvelles, a affirm\u00e9 le ministre, ajoutant que cet \u00e9cosyst\u00e8me a permis d\u2019apporter d\u2019importants investissements contribuant \u00e0 l\u2019ancrage de la fili\u00e8re automobile au Maroc.<\/p>\n<p>Ce nouveau centre industriel Valeo, qui s\u2019\u00e9tend sur une superficie totale de 137.000 m2 dont actuellement plus de 40.000 m2 d\u2019espace de production, compte deux b\u00e2timents, le premier (d\u00e9j\u00e0 op\u00e9rationnel depuis 2017), est d\u00e9di\u00e9 \u00e0 la production de syst\u00e8mes d\u2019\u00e9clairage et d\u2019essuyage, le second, qui sera op\u00e9rationnel \u00e0 partir de mi-mai 2019, accueillera la production de syst\u00e8mes thermiques (radiateurs, syst\u00e8mes de ventilation, syst\u00e8mes de refroidissement moteurs\u2026) et de syst\u00e8mes d\u2019aide \u00e0 la conduite (commandes au volant).<\/p>\n<p>Quelque 1.000 <strong>emplois<\/strong> directs seront cr\u00e9\u00e9s avant fin 2019 gr\u00e2ce \u00e0 cet investissement du groupe, il s\u2019agit notamment d\u2019op\u00e9rateurs, techniciens, ing\u00e9nieurs et cadres.<\/p>\n<p>A noter qu\u2019au-del\u00e0 des pi\u00e8ces d\u00e9tach\u00e9es, des accessoires, Valeo est tr\u00e8s fortement impliqu\u00e9 dans la R&#038;D en mati\u00e8re d\u2019hybridation, de motorisation \u00e9lectrique, de stockage de l\u2019\u00e9nergie, de syst\u00e8mes d\u2019aide \u00e0 la conduite mais aussi \u00e0 la s\u00e9curit\u00e9 et, bien s\u00fbr, de v\u00e9hicules dits autonomes. C\u2019est pour cela qu\u2019il int\u00e9resse les investisseurs, qui voient dans Valeo un des possibles acteurs primordiaux sur le march\u00e9 de la voiture de demain.<\/p>\n<div class=\"c17\">\n<fieldset class=\"c16\">\n<legend><strong><span class=\"c11\">Challenge<\/span><span class=\"c12\">news<\/span><\/strong><\/legend>\n<div class=\"c15\">Le meilleur de la r\u00e9daction s\u00e9lectionn\u00e9 par Challenge :<\/p>\n<\/div>\n<\/fieldset>\n<\/div>\n<p>Auteur: Hajar DARI<br \/>\n<a href=\"https:\/\/www.challenge.ma\/maroc-valeo-investit-130-millions-deuros-dans-une-nouvelle-plateforme-a-tanger-108732\/\">Cliquez ici pour lire l&rsquo;article depuis sa source.<\/a><\/p>\n","protected":false},"excerpt":{"rendered":"<p>Le puissant \u00e9quipementier fran\u00e7ais, pr\u00e9sent presque partout dans le secteur automobile sur la plan\u00e8te, continue sa marche en avant dan son projet industriel au Maroc. Sp\u00e9cialis\u00e9 dans la fabrication de pi\u00e8ces et \u00e9quipements automobiles, Valeo, a inaugur\u00e9, vendredi \u00e0 Tanger Automotive City, son nouveau site industriel pour un investissement de 130 millions. Le patron fran\u00e7ais [&hellip;]<\/p>\n","protected":false},"author":1787,"featured_media":0,"comment_status":"closed","ping_status":"closed","sticky":false,"template":"","format":"standard","meta":{"fifu_image_url":"","fifu_image_alt":"","footnotes":""},"categories":[78,54],"tags":[],"class_list":["post-32372","post","type-post","status-publish","format-standard","hentry","category-economie","category-maroc"],"_links":{"self":[{"href":"https:\/\/linitiative.ca\/International\/wp-json\/wp\/v2\/posts\/32372","targetHints":{"allow":["GET"]}}],"collection":[{"href":"https:\/\/linitiative.ca\/International\/wp-json\/wp\/v2\/posts"}],"about":[{"href":"https:\/\/linitiative.ca\/International\/wp-json\/wp\/v2\/types\/post"}],"author":[{"embeddable":true,"href":"https:\/\/linitiative.ca\/International\/wp-json\/wp\/v2\/users\/1787"}],"replies":[{"embeddable":true,"href":"https:\/\/linitiative.ca\/International\/wp-json\/wp\/v2\/comments?post=32372"}],"version-history":[{"count":0,"href":"https:\/\/linitiative.ca\/International\/wp-json\/wp\/v2\/posts\/32372\/revisions"}],"wp:attachment":[{"href":"https:\/\/linitiative.ca\/International\/wp-json\/wp\/v2\/media?parent=32372"}],"wp:term":[{"taxonomy":"category","embeddable":true,"href":"https:\/\/linitiative.ca\/International\/wp-json\/wp\/v2\/categories?post=32372"},{"taxonomy":"post_tag","embeddable":true,"href":"https:\/\/linitiative.ca\/International\/wp-json\/wp\/v2\/tags?post=32372"}],"curies":[{"name":"wp","href":"https:\/\/api.w.org\/{rel}","templated":true}]}}