{"id":32373,"date":"2019-05-05T16:33:51","date_gmt":"2019-05-05T20:33:51","guid":{"rendered":"https:\/\/linitiative.ca\/International\/assises-de-la-fiscalite-le-coup-de-gueule-de-zouhair-chorfi\/"},"modified":"2019-05-05T16:33:51","modified_gmt":"2019-05-05T20:33:51","slug":"assises-de-la-fiscalite-le-coup-de-gueule-de-zouhair-chorfi","status":"publish","type":"post","link":"https:\/\/linitiative.ca\/International\/assises-de-la-fiscalite-le-coup-de-gueule-de-zouhair-chorfi\/","title":{"rendered":"Assises de la fiscalit\u00e9\u00a0: le coup de gueule de Zouhair Chorfi"},"content":{"rendered":"<p>Les <strong>3\u00e8mes Assises de la fiscalit\u00e9,<\/strong> qui se sont d\u00e9roul\u00e9es du 3 au 4 mai \u00e0 Skhirat, ont \u00e9t\u00e9 l\u2019occasion pour plusieurs corps de m\u00e9tier d\u2019exiger diverses mesures et pr\u00e9senter des revendications \u00e0 l\u2019<strong>administration fiscale<\/strong>. Mais, elles ont \u00e9t\u00e9 aussi l\u2019occasion de plusieurs coups de gueule ayant surtout servi \u00e0 remettre les pendules \u00e0 l\u2019heure \u00e0 bien des \u00e9gards. C\u2019est le cas de l\u2019intervention de Zouhair Chorfi, Secr\u00e9taire g\u00e9n\u00e9ral du Minist\u00e8re de l\u2019\u00c9conomie et des finances, qui r\u00e9agissait suite aux propos d\u2019un repr\u00e9sentant du syndicat des cliniques priv\u00e9es, lors d\u2019un panel tenu le 4 mai.<\/p>\n<div class=\"c10\"\/>\n<p>\u00ab\u00a0Il est venu le moment de nous dire les choses avec responsabilit\u00e9, d\u2019arr\u00eater de dire une chose et de faire son contraire, et surtout de commencer \u00e0 avoir un peu d\u2019humilit\u00e9 et une dose d\u2019<strong>autocritique<\/strong>. Certaines interventions que j\u2019ai entendues m\u2019ont choqu\u00e9. Tout est social. Je ne veux pas attaquer une profession, mais aujourd\u2019hui, les donn\u00e9es sont connues profession par profession. Nous ne sommes pas dans des minorations des valeurs de 10% ou de 20%. Personne n\u2019aime payer l\u2019imp\u00f4t. Que les gens minorent leur d\u00e9claration de revenus de 20%, ce n\u2019est pas grave, mais qu\u2019ils les minorent de 90%, l\u00e0, j\u2019ai un probl\u00e8me\u00a0\u00bb, a-t-il fustig\u00e9.<\/p>\n<p>\u00ab\u00a0Nous ne sommes pas l\u00e0 aujourd\u2019hui pour seulement dire qu\u2019il faut modifier des textes de loi. Non. Nous sommes l\u00e0 pour changer de posture, <strong>changer de comportement<\/strong>. C\u2019est notre attitude, au quotidien, collectivement qui doit changer. Quand je vais dans une clinique et qu\u2019on me dit qu\u2019on n\u2019accepte pas le ch\u00e8que, mais qu\u2019est-ce que cela veut dire\u00a0? Il faut que \u00e7a cesse\u00a0! La corruption, \u00e7a suffit\u00a0! Le noir, \u00e7a suffit\u00a0! Nous voulons construire notre pays\u00a0! Ce n\u2019est pas que des individus, c\u2019est aussi le r\u00f4le des associations, des ordres. La <strong>moralisation<\/strong> de la vie publique n\u2019est pas que l\u2019affaire de l\u2019\u00c9tat. A quoi sert un ordre\u00a0? A quoi sert une association\u00a0si elle ne peut pas rappeler \u00e0 l\u2019ordre ses adh\u00e9rents en cas de manquement ? Chacun doit faire l\u2019effort n\u00e9cessaire de balayer devant sa porte\u00a0\u00bb, a-t-il poursuivi.<\/p>\n<div class=\"c17\">\n<fieldset class=\"c16\">\n<legend><strong><span class=\"c11\">Challenge<\/span><span class=\"c12\">news<\/span><\/strong><\/legend>\n<div class=\"c15\">Le meilleur de la r\u00e9daction s\u00e9lectionn\u00e9 par Challenge :<\/p>\n<\/div>\n<\/fieldset>\n<\/div>\n<p>Auteur: Roland Amoussou<br \/>\n<a href=\"https:\/\/www.challenge.ma\/assises-de-la-fiscalite-le-coup-de-gueule-de-zouhair-chorfi-108740\/\">Cliquez ici pour lire l&rsquo;article depuis sa source.<\/a><\/p>\n","protected":false},"excerpt":{"rendered":"<p>Les 3\u00e8mes Assises de la fiscalit\u00e9, qui se sont d\u00e9roul\u00e9es du 3 au 4 mai \u00e0 Skhirat, ont \u00e9t\u00e9 l\u2019occasion pour plusieurs corps de m\u00e9tier d\u2019exiger diverses mesures et pr\u00e9senter des revendications \u00e0 l\u2019administration fiscale. Mais, elles ont \u00e9t\u00e9 aussi l\u2019occasion de plusieurs coups de gueule ayant surtout servi \u00e0 remettre les pendules \u00e0 l\u2019heure [&hellip;]<\/p>\n","protected":false},"author":1787,"featured_media":0,"comment_status":"closed","ping_status":"closed","sticky":false,"template":"","format":"standard","meta":{"fifu_image_url":"","fifu_image_alt":"","footnotes":""},"categories":[78,54],"tags":[],"class_list":["post-32373","post","type-post","status-publish","format-standard","hentry","category-economie","category-maroc"],"_links":{"self":[{"href":"https:\/\/linitiative.ca\/International\/wp-json\/wp\/v2\/posts\/32373","targetHints":{"allow":["GET"]}}],"collection":[{"href":"https:\/\/linitiative.ca\/International\/wp-json\/wp\/v2\/posts"}],"about":[{"href":"https:\/\/linitiative.ca\/International\/wp-json\/wp\/v2\/types\/post"}],"author":[{"embeddable":true,"href":"https:\/\/linitiative.ca\/International\/wp-json\/wp\/v2\/users\/1787"}],"replies":[{"embeddable":true,"href":"https:\/\/linitiative.ca\/International\/wp-json\/wp\/v2\/comments?post=32373"}],"version-history":[{"count":0,"href":"https:\/\/linitiative.ca\/International\/wp-json\/wp\/v2\/posts\/32373\/revisions"}],"wp:attachment":[{"href":"https:\/\/linitiative.ca\/International\/wp-json\/wp\/v2\/media?parent=32373"}],"wp:term":[{"taxonomy":"category","embeddable":true,"href":"https:\/\/linitiative.ca\/International\/wp-json\/wp\/v2\/categories?post=32373"},{"taxonomy":"post_tag","embeddable":true,"href":"https:\/\/linitiative.ca\/International\/wp-json\/wp\/v2\/tags?post=32373"}],"curies":[{"name":"wp","href":"https:\/\/api.w.org\/{rel}","templated":true}]}}