{"id":32394,"date":"2019-05-05T07:55:38","date_gmt":"2019-05-05T11:55:38","guid":{"rendered":"https:\/\/linitiative.ca\/International\/journee-nationale-du-paysan-ce-riz-importe-qui-trahit-roch\/"},"modified":"2019-05-05T07:55:38","modified_gmt":"2019-05-05T11:55:38","slug":"journee-nationale-du-paysan-ce-riz-importe-qui-trahit-roch","status":"publish","type":"post","link":"https:\/\/linitiative.ca\/International\/journee-nationale-du-paysan-ce-riz-importe-qui-trahit-roch\/","title":{"rendered":"JOURNEE NATIONALE DU PAYSAN : Ce riz import\u00e9 qui trahit Roch"},"content":{"rendered":"<p><img decoding=\"async\" class=\"post_layout_5_img\" src=\"http:\/\/lepays.bf\/wp-content\/uploads\/2017\/07\/lepaysresponsive.png\" alt=\"JOURNEE NATIONALE DU PAYSAN : Ce riz import\u00e9 qui trahit Roch\"\/><\/p>\n<p class=\"c4\"><em>Les 25 et 26 avril 2019, a eu lieu la Journ\u00e9e nationale du paysan (JNP), \u00e0 Gaoua, chef-lieu de la r\u00e9gion du Sud-Ouest. C\u2019est un rendez-vous annuel qui offre l\u2019occasion aux paysans d\u2019\u00e9changer avec les dirigeants autour des pr\u00e9occupations qui sont les leurs. Mais s\u2019il y a une chose, cette ann\u00e9e, qui a retenu l\u2019attention de plus d\u2019un, c\u2019est bien cette affaire de riz import\u00e9 que le pr\u00e9sident du Faso, Roch Marc Christian Kabor\u00e9, a servi \u00e0 ses invit\u00e9s. En temps normal, il n\u2019y aurait pas de quoi fouetter un chat. Car le riz import\u00e9, il y en a sur le march\u00e9 local et nombreux sont les Burkinab\u00e8 qui en raffolent. Mais pour un \u00e9v\u00e9nement qui concerne les paysans qui produisent eux-m\u00eames du riz, je trouve que le chef de l\u2019Etat a manqu\u00e9 d\u2019\u00e9l\u00e9gance. Il aurait pu, \u00e0 mon avis, leur faire plaisir en leur faisant manger du riz qu\u2019eux-m\u00eames ont produit. Cela donnerait davantage la preuve que nos dirigeants accordent de l\u2019importance aux productions agricoles locales. C\u2019est vrai, je sais que le pr\u00e9sident du Faso ne peut pas, compte tenu des pr\u00e9occupations qui sont les siennes, s\u2019int\u00e9resser aux affaires de ses cuisiniers, mais je sais aussi que s\u2019il avait donn\u00e9 des instructions fermes, on n\u2019en serait pas l\u00e0. Quand on dirige un pays, on ne doit pas donner l\u2019impression de n\u00e9gliger certaines choses. Peut-\u00eatre que les ann\u00e9es pass\u00e9es, c\u2019est du riz import\u00e9 qui a toujours \u00e9t\u00e9 servi aux paysans \u00e0 l\u2019occasion de la JNP. Mais maintenant que ces derniers ont exprim\u00e9 leur m\u00e9contentement, j\u2019ose croire que Roch en prendra bonne note et que les choses changeront dans le bon sens, les ann\u00e9es \u00e0 venir. On attend de voir.<\/em><\/p>\n<p><strong>Je demande au pr\u00e9sident du Faso de rester coh\u00e9rent avec lui-m\u00eame<\/strong><\/p>\n<p class=\"c4\"><em>En tout cas, je dois avouer que j\u2019ai \u00e9t\u00e9 personnellement surpris voire choqu\u00e9 par cette affaire de riz import\u00e9, surtout quand je sais que c\u2019est Roch lui-m\u00eame qui a invit\u00e9 les Burkinab\u00e8 \u00e0 valoriser les productions locales. Et l\u00e0, je lui tire mon chapeau puisqu\u2019il en donne l\u2019exemple \u00e0 travers son habillement. D\u00e8s son arriv\u00e9e au pouvoir, il a adopt\u00e9 un look particulier qui consiste \u00e0 porter le Faso Danfani. Et je crois que le gouvernement en a fait une tenue officielle, puisque la plupart des ministres arborent fi\u00e8rement le Faso Danfani lors des grandes c\u00e9r\u00e9monies. C\u2019est tout \u00e0 leur honneur. Je les encourage \u00e0 rester dans cette logique. Car aucun peuple ne peut se d\u00e9velopper s\u2019il passe le temps \u00e0 consommer ce que produisent les autres. Ce n\u2019est pas possible. D\u2019ailleurs, ce que certains oublient, c\u2019est que nos productions locales ont l\u2019avantage d\u2019\u00eatre naturelles, contrairement \u00e0 bien des produits import\u00e9s qui, pour la plupart, sont trait\u00e9s. Voyez-vous\u00a0? Il faut savoir raison garder. Donnons toute l\u2019importance qu\u2019il faut au monde paysan. Car c\u2019est gr\u00e2ce \u00e0 lui que notre pays pourra atteindre l\u2019autosuffisance alimentaire. Or, un peuple qui n\u2019a pas atteint l\u2019autosuffisance alimentaire, donc qui a faim, ne peut pas parler de d\u00e9veloppement. Ce n\u2019est pas moi qui le dis, mais c\u2019est une triste r\u00e9alit\u00e9. Donc, je demande au pr\u00e9sident du Faso de rester coh\u00e9rent avec lui-m\u00eame. Je ne trouve pas normal qu\u2019il porte r\u00e9guli\u00e8rement le Faso Danfani alors qu\u2019il passe le temps \u00e0 servir le riz tha\u00eflandais ou que sais-je encore, \u00e0 ses invit\u00e9s.<\/em><\/p>\n<p><strong>\u00ab\u00a0Le Fou\u00a0\u00bb<\/strong><\/p>\n<p>Auteur: Le Pays<br \/>\n<a href=\"http:\/\/lepays.bf\/journee-nationale-du-paysan-ce-riz-importe-qui-trahit-roch-2\/\">Cliquez ici pour lire l&rsquo;article depuis sa source.<\/a><\/p>\n","protected":false},"excerpt":{"rendered":"<p>Les 25 et 26 avril 2019, a eu lieu la Journ\u00e9e nationale du paysan (JNP), \u00e0 Gaoua, chef-lieu de la r\u00e9gion du Sud-Ouest. C\u2019est un rendez-vous annuel qui offre l\u2019occasion aux paysans d\u2019\u00e9changer avec les dirigeants autour des pr\u00e9occupations qui sont les leurs. Mais s\u2019il y a une chose, cette ann\u00e9e, qui a retenu l\u2019attention [&hellip;]<\/p>\n","protected":false},"author":1813,"featured_media":32395,"comment_status":"closed","ping_status":"closed","sticky":false,"template":"","format":"standard","meta":{"fifu_image_url":"","fifu_image_alt":"","footnotes":""},"categories":[73,81],"tags":[],"class_list":["post-32394","post","type-post","status-publish","format-standard","has-post-thumbnail","hentry","category-actualite","category-burkina-faso"],"_links":{"self":[{"href":"https:\/\/linitiative.ca\/International\/wp-json\/wp\/v2\/posts\/32394","targetHints":{"allow":["GET"]}}],"collection":[{"href":"https:\/\/linitiative.ca\/International\/wp-json\/wp\/v2\/posts"}],"about":[{"href":"https:\/\/linitiative.ca\/International\/wp-json\/wp\/v2\/types\/post"}],"author":[{"embeddable":true,"href":"https:\/\/linitiative.ca\/International\/wp-json\/wp\/v2\/users\/1813"}],"replies":[{"embeddable":true,"href":"https:\/\/linitiative.ca\/International\/wp-json\/wp\/v2\/comments?post=32394"}],"version-history":[{"count":0,"href":"https:\/\/linitiative.ca\/International\/wp-json\/wp\/v2\/posts\/32394\/revisions"}],"wp:featuredmedia":[{"embeddable":true,"href":"https:\/\/linitiative.ca\/International\/wp-json\/"}],"wp:attachment":[{"href":"https:\/\/linitiative.ca\/International\/wp-json\/wp\/v2\/media?parent=32394"}],"wp:term":[{"taxonomy":"category","embeddable":true,"href":"https:\/\/linitiative.ca\/International\/wp-json\/wp\/v2\/categories?post=32394"},{"taxonomy":"post_tag","embeddable":true,"href":"https:\/\/linitiative.ca\/International\/wp-json\/wp\/v2\/tags?post=32394"}],"curies":[{"name":"wp","href":"https:\/\/api.w.org\/{rel}","templated":true}]}}