{"id":32396,"date":"2019-05-05T08:02:48","date_gmt":"2019-05-05T12:02:48","guid":{"rendered":"https:\/\/linitiative.ca\/International\/maman-sambo-sidikou-secretaire-permanent-du-g5-sahel-il-serait-inexact-de-considerer-que-le-g5-sahel-ne-constitue-pas-une-valeur-ajoutee\/"},"modified":"2019-05-05T08:02:48","modified_gmt":"2019-05-05T12:02:48","slug":"maman-sambo-sidikou-secretaire-permanent-du-g5-sahel-il-serait-inexact-de-considerer-que-le-g5-sahel-ne-constitue-pas-une-valeur-ajoutee","status":"publish","type":"post","link":"https:\/\/linitiative.ca\/International\/maman-sambo-sidikou-secretaire-permanent-du-g5-sahel-il-serait-inexact-de-considerer-que-le-g5-sahel-ne-constitue-pas-une-valeur-ajoutee\/","title":{"rendered":"MAMAN SAMBO SIDIKOU, SECRETAIRE PERMANENT DU G5 SAHEL\u00ab\u00a0Il serait inexact de consid\u00e9rer que le G5 Sahel ne constitue pas une valeur ajout\u00e9e\u00a0\u00bb"},"content":{"rendered":"<p><img decoding=\"async\" class=\"post_layout_5_img\" src=\"http:\/\/lepays.bf\/wp-content\/uploads\/2019\/05\/01-5.jpg\" alt=\"MAMAN SAMBO SIDIKOU, SECRETAIRE PERMANENT DU G5 SAHEL\u00ab\u00a0Il serait inexact de consid\u00e9rer que le G5 Sahel ne constitue pas une valeur ajout\u00e9e\u00a0\u00bb\"\/><\/p>\n<p class=\"c4\"><strong>Il s\u2019appelle Maman Sambo Sidikou. De nationalit\u00e9 nig\u00e9rienne, il a fr\u00e9quent\u00e9 plusieurs universit\u00e9s en Espagne, au S\u00e9n\u00e9gal et aux Etats-Unis. En tant que diplomate, il a parcouru l\u2019Afrique et le reste du monde et ce, au gr\u00e9 des missions \u00e0 la demande de son pays ou encore pour le compte de l\u2019Union Africaine et des Nations Unies. Aujourd\u2019hui, il occupe le poste de Secr\u00e9taire Permanent du G5 Sahel. Nous l\u2019avons rencontr\u00e9 lors de son s\u00e9jour \u00e0 Ouagadougou, \u00e0 l\u2019occasion du sommet extraordinaire du G5 Sahel. Voici ce qu\u2019il nous a dit\u00a0!<\/strong><\/p>\n<p><strong>\u00ab\u00a0Le\u00a0Pays\u00a0\u00bb\u00a0: Le Burkina Faso vient d\u2019abriter un sommet extraordinaire du G5 Sahel. Quels ont \u00e9t\u00e9 les enjeux de cette r\u00e9union et le r\u00f4le jou\u00e9 par le Secr\u00e9tariat Permanent du G5 Sahel ?<\/strong><\/p>\n<p class=\"c4\"><em>Maman Sambo Sidikou : La Chanceli\u00e8re allemande, SE Madame Angela Merkel, a \u00e9t\u00e9 ce mercredi 1er mai, l\u2019invit\u00e9e sp\u00e9ciale du Sommet extraordinaire du G5 Sahel tenu \u00e0 Ouagadougou. Cette rencontre \u00e0 huis clos a permis \u00e0 nos cinq chefs d\u2019Etat et \u00e0 leur h\u00f4te de marque, de faire le point sur la coop\u00e9ration G5 Sahel et Allemagne et plus g\u00e9n\u00e9ralement, sur le soutien international au b\u00e9n\u00e9fice de l\u2019espace G5 Sahel qui est, comme nous le vivons tous, en proie \u00e0 une crise multidimensionnelle de plus en plus pr\u00e9occupante. L\u2019Allemagne constitue pour nous un partenaire\u00a0<\/em> <em>strat\u00e9gique comme l\u2019a rappel\u00e9 le Pr\u00e9sident du Faso, Pr\u00e9sident en exercice du G5 Sahel, SEM Roch Marc Christian Kabor\u00e9. Nous sommes heureux des annonces qui ont \u00e9t\u00e9 faites \u00e0 la suite de ce sommet, notamment l\u2019apport financier suppl\u00e9mentaire de l\u2019Allemagne au profit du G5 Sahel ainsi que l\u2019engagement de la Chanceli\u00e8re \u00e0 intensifier les efforts diplomatiques en vue d\u2019une mobilisation internationale plus cons\u00e9quente dans la r\u00e9gion. Nous sommes pleinement satisfaits des r\u00e9sultats de ce sommet, qui avait pour enjeu majeur de renforcer le partenariat avec l\u2019Allemagne, de nous assurer de son soutien concret dans la bataille que le G5 Sahel m\u00e8ne sur les deux fronts au c\u0153ur de sa vocation et de son action : la s\u00e9curit\u00e9 et le d\u00e9veloppement. Le Secr\u00e9tariat Permanent du G5 Sahel a contribu\u00e9 aux pr\u00e9paratifs de ce Sommet, sous la direction de la pr\u00e9sidence en exercice assur\u00e9e actuellement par le Burkina Faso. Il s\u2019agit ici incontestablement d\u2019un succ\u00e8s de la diplomatie agissante du Burkina Faso \u00e0 la t\u00eate du G5 Sahel.<\/em><\/p>\n<p><strong>Comment se passe la collaboration entre le Secr\u00e9taire Permanent et le Pr\u00e9sident en exercice du G5 Sahel ?<\/strong><\/p>\n<p class=\"c4\"><em>C\u2019est une excellente relation. Je connais bien le Pr\u00e9sident du Faso, une personnalit\u00e9 remarquable qui tient \u00e0 faire progresser davantage le G5 Sahel au cours de sa pr\u00e9sidence en exercice. Nos rapports sont tr\u00e8s cordiaux et particuli\u00e8rement ax\u00e9s sur les r\u00e9sultats \u00e0 atteindre le plus rapidement possible afin de r\u00e9pondre au mieux aux pr\u00e9occupations l\u00e9gitimes de nos populations. Dans le cadre de la pr\u00e9sidence en exercice du G5 Sahel, le travail se fait donc sous l\u2019impulsion du Pr\u00e9sident du Faso et en \u00e9troite collaboration entre le Secr\u00e9tariat Permanent du G5 Sahel et les minist\u00e8res cl\u00e9s concern\u00e9s, dont le Minist\u00e8re de l\u2019Economie, le Ministre Lassan\u00e9 Kabor\u00e9 assumant la Pr\u00e9sidence du Conseil des Ministres du G5 Sahel, ses coll\u00e8gues Alpha Barry des Affaires \u00e9trang\u00e8res et Ch\u00e9rif Sy de la D\u00e9fense Nationale pour ne citer que ces quelques noms. Tout est bien huil\u00e9 et le travail d\u2019\u00e9quipe se poursuit dans de bonnes conditions.<\/em><\/p>\n<p><strong>\u00ab\u00a0Les promesses faites ne suivent pas toujours au rythme souhait\u00e9\u00a0\u00bb<\/strong><\/p>\n<p><strong>Certains observateurs estiment que le G5 Sahel fait seulement dans le discours et qu\u2019il n\u2019apporte pas grand-chose dans la lutte actuelle contre les terroristes dans les pays qui le composent. Que leur r\u00e9pondez-vous ?<\/strong><\/p>\n<p class=\"c4\"><em>Nous devons garder \u00e0 l\u2019esprit que le G5 Sahel est une jeune organisation (sa cr\u00e9ation date de 2014) avec pour vocation de servir de cadre sous- r\u00e9gional de mutualisation des moyens entre ses cinq pays membres en vue de relever ensemble, avec le soutien des partenaires et amis, leurs \u00e9normes d\u00e9fis en mati\u00e8re de s\u00e9curit\u00e9 et de d\u00e9veloppement. Dans un contexte de plus en plus difficile sur ces deux volets d\u2019intervention eu \u00e9gard \u00e0 la crise qui se complexifie, tenant compte aussi des moyens limit\u00e9s de nos Etats, il est illusoire d\u2019attendre des r\u00e9sultats spectaculaires \u00e0 br\u00e8ve \u00e9ch\u00e9ance comme il serait inexact de consid\u00e9rer que le G5 Sahel ne constitue pas une valeur ajout\u00e9e pertinente dans la recherche des solutions pour le bien-\u00eatre et la s\u00e9curit\u00e9 de nos populations. En effet, depuis sa cr\u00e9ation et malgr\u00e9 plusieurs \u00e9cueils, nous pouvons dire que le G5 Sahel progresse notablement dans ses deux volets d\u2019intervention que sont donc la S\u00e9curit\u00e9 et le D\u00e9veloppement. Face \u00e0 l\u2019urgence de la situation s\u00e9curitaire, notre organisation a mis en place depuis 2017 une Force militaire sp\u00e9ciale de 5000 soldats, d\u00e9nomm\u00e9e \u00ab Force Conjointe du G5 Sahel \u00bb (FC-G5S). Certes, la FC-G5S n\u2019est pas encore totalement op\u00e9rationnelle. Toutefois, elle a d\u00e9j\u00e0 men\u00e9 plus d\u2019une dizaine d\u2019op\u00e9rations sur le terrain dont six r\u00e9cemment, entre janvier et avril 2019. Les retards dans son op\u00e9rationnalisation sont essentiellement en mati\u00e8re d\u2019\u00e9quipements adapt\u00e9s et de soutien financier notamment de nos partenaires. Les promesses faites ne suivent pas toujours au rythme souhait\u00e9. Il en a d\u2019ailleurs \u00e9t\u00e9 question lors du Sommet extraordinaire de ce mercredi.<\/em><\/p>\n<p><strong>\u00ab\u00a0La derni\u00e8re \u00e9valuation faite le mois pass\u00e9, situe le potentiel op\u00e9rationnel g\u00e9n\u00e9ral de la Force Conjointe \u00e0 75%, ce qui est conforme \u00e0 nos standards\u00a0\u00bb<\/strong><\/p>\n<p><strong>Sur le plan op\u00e9rationnel, quelles sont les missions du G5 Sahel ?<\/strong><\/p>\n<p class=\"c4\"><em>Le G5 Sahel \u0153uvre selon le fameux nexus \u00abS\u00e9curit\u00e9 et D\u00e9veloppement\u00bb. Dans cette optique, un document de r\u00e9f\u00e9rence d\u00e9nomm\u00e9 \u00ab Strat\u00e9gie de D\u00e9veloppement et de S\u00e9curit\u00e9 \u00bb (SDS) a alors \u00e9t\u00e9 \u00e9labor\u00e9 entre 2014 et 2016 afin de servir de base de travail, de boussole du G5 Sahel sur plusieurs ann\u00e9es. A son niveau op\u00e9rationnel, la SDS se d\u00e9cline en Programme triennal d\u2019Investissements Prioritaires (PIP) dont la premi\u00e8re phase couvre les ann\u00e9es 2019-2021. Les activit\u00e9s du G5 Sahel se concentrent essentiellement sur quatre axes d\u2019intervention : D\u00e9fense et S\u00e9curit\u00e9 ; Gouvernance ; R\u00e9silience et d\u00e9veloppement humain ainsi qu\u2019Infrastructures. Ce travail se fait dans une optique d\u2019int\u00e9gration sous-r\u00e9gionale, avec une attention sp\u00e9ciale pour les zones transfrontali\u00e8res souvent marginalis\u00e9es. Plus concr\u00e8tement, afin de mieux informer l\u2019opinion sur les avanc\u00e9es du G5 Sahel. Sachez que tout en \u0153uvrant \u00e0 la pleine op\u00e9rationnalisation de la Force conjointe, le G5 Sahel s\u2019active aussi sur le volet de la lutte contre la pauvret\u00e9 et du d\u00e9veloppement durable de la sous-r\u00e9gion. C\u2019est dans ce cadre que nous avons organis\u00e9, en d\u00e9cembre dernier avec succ\u00e8s \u00e0 Nouakchott, la Conf\u00e9rence de coordination des partenaires et bailleurs de fonds du G5 Sahel pour le financement du Programme d\u2019Investissements Prioritaires du G5 Sahel (PIP), dans sa premi\u00e8re phase couvrant la p\u00e9riode 2019-2021. Des promesses de financement de plus de 2,3 milliards d\u2019euros ont \u00e9t\u00e9 enregistr\u00e9es. Nous esp\u00e9rons que la phase de mobilisation de ces fonds sera la plus courte possible tant il est vrai que nos populations sont de plus en plus nombreuses \u00e0 d\u00e9sesp\u00e9rer d\u2019un possible avenir socio\u00e9conomique meilleur dans la zone sah\u00e9lienne. Ce d\u00e9sarroi inqui\u00e9tant et croissant, surtout au sein de la jeunesse, sert de terrain fertile pour les \u00ab manipulateurs et autres marchands d\u2019illusions et de la mort \u00bb qui en profitent pour entra\u00eener plusieurs de nos enfants sur le chemin de l\u2019extr\u00e9misme et du terrorisme ou encore sur celui p\u00e9rilleux de l\u2019immigration clandestine. Aussi, conscient de l\u2019urgence de la situation, parall\u00e8lement \u00e0 la mobilisation autour du PIP, le Sommet des Chefs d\u2019Etat du G5 Sahel tenu en juillet 2018, a d\u00e9cid\u00e9 de la mise en \u0153uvre d\u2019un Programme de d\u00e9veloppement d\u2019urgence (PDU). Ce programme est d\u00e9j\u00e0 en cours, il a \u00e9t\u00e9 finalis\u00e9 avec \u00e0 la cl\u00e9 le bouclage de son financement par la contribution des membres de l\u2019Alliance Sahel et de l\u2019Union europ\u00e9enne. Du bilan fait la semaine pass\u00e9e sur la mise en \u0153uvre du PDU, il est ressorti des motifs r\u00e9els de satisfaction, consid\u00e9rant notamment les projets d\u00e9j\u00e0 entam\u00e9s dont ceux reli\u00e9s \u00e0 l\u2019acc\u00e8s \u00e0 l\u2019eau potable et \u00e0 l\u2019assainissement en Mauritanie (r\u00e9gion des Hodhs) et au Niger (r\u00e9gions de Tahoua et Tillaberi), ou encore le projet dit des \u00ab trois fronti\u00e8res \u00bb (Mali-Burkina-Niger) dans le domaine agropastoral. Mentionnons aussi qu\u2019au Tchad, la mobilisation est forte pour apporter rapidement une r\u00e9ponse adapt\u00e9e \u00e0 la situation pr\u00e9occupante dans la r\u00e9gion du Kanem en terme d\u2019acc\u00e8s \u00e0 l\u2019eau, gr\u00e2ce notamment au soutien de l\u2019Union europ\u00e9enne. De plus, les composantes \u00ab r\u00e9silience et coh\u00e9sion sociale \u00bb du PDU seront au c\u0153ur des projets prochainement \u00e0 ex\u00e9cuter dans cette partie du Tchad particuli\u00e8rement. Je tiens \u00e0 pr\u00e9ciser que notre priorit\u00e9 dans l\u2019action de lutte contre la pauvret\u00e9 et en mati\u00e8re de d\u00e9veloppement durable s\u2019articule principalement autour du soutien aux jeunes et aux femmes, conscients que nous sommes de l\u2019imp\u00e9rieuse n\u00e9cessit\u00e9 d\u2019appuyer les efforts de r\u00e9silience de ces deux cat\u00e9gories de la population particuli\u00e8rement vuln\u00e9rables. En effet, les jeunes et les femmes sont au c\u0153ur des enjeux de coh\u00e9sion et de stabilit\u00e9 de nos soci\u00e9t\u00e9s en profondes crises et mutations et le d\u00e9fi d\u00e9mographique illustre bien ces enjeux : dans moins de quinze ans, la population de l\u2019espace G5 Sahel augmentera de 60% ! Avec quelles infrastructures, quels moyens des Etats, quelles conditions sanitaires et de formation appropri\u00e9es g\u00e9rer une telle donne ? Nous sommes conscients de cette situation tr\u00e8s d\u00e9licate et nous \u0153uvrons afin de relever ces d\u00e9fis colossaux.<\/em><\/p>\n<p><strong>A quel stade se trouve l\u2019op\u00e9rationnalisation de la force conjointe du G5 Sahel ?<\/strong><\/p>\n<p class=\"c4\"><em>La derni\u00e8re \u00e9valuation faite le mois pass\u00e9, situe le potentiel op\u00e9rationnel g\u00e9n\u00e9ral de la Force Conjointe \u00e0 75%, ce qui est conforme \u00e0 nos standards tels que d\u00e9finis dans le Concept d&rsquo;op\u00e9rations strat\u00e9gique (CONOPS). Cette estimation ne prend pas en compte les d\u00e9ficits importants actuels en terme d\u2019\u00e9quipements notamment.<\/em><\/p>\n<p><strong>Quelles sont les contraintes actuelles auxquelles fait face cette force ?<\/strong><\/p>\n<p class=\"c4\"><em>Il s\u2019agit particuli\u00e8rement des retards, comme je viens de l\u2019\u00e9voquer, dans l\u2019\u00e9quipement appropri\u00e9 de nos troupes, des difficult\u00e9s dans leur approvisionnement aussi et plus g\u00e9n\u00e9ralement, la lenteur de la mise \u00e0 disposition des fonds promis pour soutenir la pleine op\u00e9rationnalisation de la FC-G5S.<\/em><\/p>\n<p><strong>Pensez-vous que l\u2019on parviendra un jour \u00e0 rendre v\u00e9ritablement op\u00e9rationnelle la force conjointe G5 Sahel au regard des diff\u00e9rentes difficult\u00e9s ?<\/strong><\/p>\n<p class=\"c4\"><em>Je suis un optimiste de nature. La longue exp\u00e9rience acquise sur des th\u00e9\u00e2tres des plus vari\u00e9s, m\u2019a toujours pouss\u00e9 \u00e0 ne jamais c\u00e9der au d\u00e9faitisme. Nous sommes tenus de r\u00e9ussir, nos populations attendent de nous du concret et, en mati\u00e8re de lutte contre l\u2019ins\u00e9curit\u00e9 et le terrorisme notamment, la Force conjointe doit et va jouer son r\u00f4le de mani\u00e8re plus convaincante au fur et \u00e0 mesure que les difficult\u00e9s de son op\u00e9rationnalisation seront r\u00e9gl\u00e9es. C\u2019est un engagement dict\u00e9 par le sens de responsabilit\u00e9 et, rassurez-vous, tous nos chefs d\u2019Etat sont pleinement mobilis\u00e9s afin de parvenir rapidement \u00e0 des r\u00e9sultats. Au niveau du Secr\u00e9tariat Permanent, en \u00e9troite collaboration avec le Commandement militaire de la Force conjointe, nous travaillons dans ce sens.<\/em><br \/><em>L\u2019ONU accepte finalement de soutenir le G5 Sahel \u00e0 travers la MINUSMA, sur le plan de l\u2019alimentation, du transport des troupes et du carburant.<\/em><\/p>\n<p><strong>Quel impact ce soutien aurait-il sur le fonctionnement de la force conjointe ?<\/strong><\/p>\n<p class=\"c4\"><em>Nous b\u00e9n\u00e9ficions certes d\u2019un appui de la MINUSMA, mais celui-ci demeure circonscrit au territoire malien. Hors, cela ne concerne que 2 bataillons sur les 7 qui composent la FC-G5S. Vous comprenez donc que nous tenions \u00e0 la r\u00e9vision de cet accord dit \u00abArrangement technique\u00bb avec les Nations Unies. Nous sommes sur la bonne voie et, prochainement, gr\u00e2ce notamment au soutien diplomatique de nos partenaires dont l\u2019Allemagne et la France, et \u00e0 la totale mobilisation de l\u2019Union Africaine, nous esp\u00e9rons obtenir un appui plus adapt\u00e9 de la part des Nations Unies et, \u00e0 terme, l\u2019op\u00e9rationnalisation optimale de la Force conjointe. Ceci facilitera la multiplication de ses interventions sur le terrain dans tout son champ op\u00e9rationnel divis\u00e9 en trois fuseaux (Fuseau Centre : Niger-Burkina-Mali \/ Fuseau Est : Niger-Tchad \/ Fuseau Ouest : Mali-Mauritanie).<\/em><\/p>\n<p><strong>Propos recueillis par Michel NANA<\/strong><\/p>\n<p><strong>Bio express de l\u2019Ambassadeur Maman S. Sidikou<\/strong><\/p>\n<p class=\"c4\"><em>Nomm\u00e9 par les chefs d&rsquo;Etat du G5 Sahel au cours du Sommet tenu \u00e0 Niamey, au Niger, le 6 f\u00e9vrier 2018, l\u2019ambassadeur Maman Sambo Sidikou assume actuellement les fonctions de secr\u00e9taire permanent du G5 Sahel.\u00a0Avant ce poste, monsieur Sidikou a \u00e9t\u00e9 le repr\u00e9sentant sp\u00e9cial du secr\u00e9taire g\u00e9n\u00e9ral des Nations unies pour la R\u00e9publique d\u00e9mocratique du Congo (RDC) et chef de la Mission de l&rsquo;organisation des Nations unies pour la stabilisation en RDC (MONUSCO) d\u2019octobre 2015 \u00e0 la fin janvier 2018.\u00a0 Entre 2014 et 2015, l\u2019ambassadeur Sidikou fut repr\u00e9sentant sp\u00e9cial du pr\u00e9sident de la Commission de l&rsquo;Union africaine pour la Somalie et chef de la Mission de l&rsquo;Union africaine en Somalie (AMISOM).\u00a0De mani\u00e8re g\u00e9n\u00e9rale, monsieur Sidikou poss\u00e8de une riche exp\u00e9rience en mati\u00e8re diplomatique au sein de la fonction publique tant nationale qu\u2019internationale. Il compte en effet \u00e0 son actif plus de 25 ann\u00e9es d\u2019activit\u00e9s \u00e0 des hautes fonctions notamment dans le cadre des Nations unies et de l\u2019Union africaine. L\u2019ambassadeur Sidikou a aussi occup\u00e9 depuis 1976 plusieurs postes importants au service de son pays, notamment en qualit\u00e9 d\u2019ambassadeur du Niger aux Etats-Unis (2011 \u00e0 2014), de directeur de cabinet du chef de l&rsquo;Etat avec rang de Ministre en 1999 et, entre 1997 et 1999, de ministre des Affaires \u00e9trang\u00e8res et de l&rsquo;int\u00e9gration africaine du Niger. Il fut aussi directeur de cabinet du Premier ministre et directeur de la T\u00e9l\u00e9vision nationale au sein du minist\u00e8re de l&rsquo;Information.<\/em><\/p>\n<p>Auteur: Le Pays<br \/>\n<a href=\"http:\/\/lepays.bf\/maman-sambo-sidikou-secretaire-permanent-du-g5-sahel-il-serait-inexact-de-considerer-que-le-g5-sahel-ne-constitue-pas-une-valeur-ajoutee\/\">Cliquez ici pour lire l&rsquo;article depuis sa source.<\/a><\/p>\n","protected":false},"excerpt":{"rendered":"<p>Il s\u2019appelle Maman Sambo Sidikou. De nationalit\u00e9 nig\u00e9rienne, il a fr\u00e9quent\u00e9 plusieurs universit\u00e9s en Espagne, au S\u00e9n\u00e9gal et aux Etats-Unis. En tant que diplomate, il a parcouru l\u2019Afrique et le reste du monde et ce, au gr\u00e9 des missions \u00e0 la demande de son pays ou encore pour le compte de l\u2019Union Africaine et des [&hellip;]<\/p>\n","protected":false},"author":1813,"featured_media":32397,"comment_status":"closed","ping_status":"closed","sticky":false,"template":"","format":"standard","meta":{"fifu_image_url":"","fifu_image_alt":"","footnotes":""},"categories":[73,81],"tags":[],"class_list":["post-32396","post","type-post","status-publish","format-standard","has-post-thumbnail","hentry","category-actualite","category-burkina-faso"],"_links":{"self":[{"href":"https:\/\/linitiative.ca\/International\/wp-json\/wp\/v2\/posts\/32396","targetHints":{"allow":["GET"]}}],"collection":[{"href":"https:\/\/linitiative.ca\/International\/wp-json\/wp\/v2\/posts"}],"about":[{"href":"https:\/\/linitiative.ca\/International\/wp-json\/wp\/v2\/types\/post"}],"author":[{"embeddable":true,"href":"https:\/\/linitiative.ca\/International\/wp-json\/wp\/v2\/users\/1813"}],"replies":[{"embeddable":true,"href":"https:\/\/linitiative.ca\/International\/wp-json\/wp\/v2\/comments?post=32396"}],"version-history":[{"count":0,"href":"https:\/\/linitiative.ca\/International\/wp-json\/wp\/v2\/posts\/32396\/revisions"}],"wp:featuredmedia":[{"embeddable":true,"href":"https:\/\/linitiative.ca\/International\/wp-json\/"}],"wp:attachment":[{"href":"https:\/\/linitiative.ca\/International\/wp-json\/wp\/v2\/media?parent=32396"}],"wp:term":[{"taxonomy":"category","embeddable":true,"href":"https:\/\/linitiative.ca\/International\/wp-json\/wp\/v2\/categories?post=32396"},{"taxonomy":"post_tag","embeddable":true,"href":"https:\/\/linitiative.ca\/International\/wp-json\/wp\/v2\/tags?post=32396"}],"curies":[{"name":"wp","href":"https:\/\/api.w.org\/{rel}","templated":true}]}}