{"id":32398,"date":"2019-05-05T08:06:20","date_gmt":"2019-05-05T12:06:20","guid":{"rendered":"https:\/\/linitiative.ca\/International\/politique-au-burkina-papys-politiques-reposez-vous-dit-raogo-sawadogo\/"},"modified":"2019-05-05T08:06:20","modified_gmt":"2019-05-05T12:06:20","slug":"politique-au-burkina-papys-politiques-reposez-vous-dit-raogo-sawadogo","status":"publish","type":"post","link":"https:\/\/linitiative.ca\/International\/politique-au-burkina-papys-politiques-reposez-vous-dit-raogo-sawadogo\/","title":{"rendered":"POLITIQUE AU BURKINA  :  \u00ab\u00a0Papys politiques, reposez-vous!\u00bb, dit Raogo Sawadogo"},"content":{"rendered":"<p><img decoding=\"async\" class=\"post_layout_5_img\" src=\"http:\/\/lepays.bf\/wp-content\/uploads\/2017\/07\/lepaysresponsive.png\" alt=\"POLITIQUE AU BURKINA : \u00ab\u00a0Papys politiques, reposez-vous!\u00bb, dit Raogo Sawadogo\"\/><\/p>\n<p><strong>Dans la r\u00e9flexion ci-dessous, Raogo Levi Sawadogo dit \u00eatre outr\u00e9 par les conflits de g\u00e9n\u00e9ration auxquels se livrent les hommes politiques burkinab\u00e8. Tout en reconnaissant leur utilit\u00e9, il demande aux papys politiques de c\u00e9der la place aux jeunes et de se reposer. Lisez plut\u00f4t\u00a0!<\/strong><\/p>\n<p class=\"c4\"><em>Avant tout, nous remercions le journal d\u2019avoir accept\u00e9 de publier ce document qui nous tient \u00e0 c\u0153ur. Et pour cause\u00a0: constat de long\u00e9vit\u00e9 forc\u00e9e de certains a\u00een\u00e9s dans les activit\u00e9s politiques de notre pays.<\/em><br \/><em>De prime abord, nous affirmons haut et fort que nous sommes sid\u00e9r\u00e9 lorsque certains de nos s\u00e9niors comme ils aiment \u00e0 se faire appeler, sont omnipr\u00e9sents dans les postes de responsabilit\u00e9s dans des structures politiques. Le fait qui a d\u00e9clench\u00e9 notre courroux reste sans conteste l\u2019\u00e9crit de M. L\u00e9once Kon\u00e9 \u00e0 M. Eddie Kombo\u00efgo. Pour poursuivre notre analyse, il faut pr\u00e9ciser que nous ne nous connaissons ni l\u2019un ni l\u2019autre et nous ne sommes d\u2019aucun bord politique. Nous sommes cinquantenaire et depuis un certain temps, nous assistons \u00e0 un conflit g\u00e9n\u00e9rationnel qui ne dit pas son nom pour aller dans le sens de M. Lionnel Bilgo, chroniqueur \u00e0 l\u2019\u00e9mission de d\u00e9bat sur l\u2019actualit\u00e9 de BF1 tous les dimanches.<\/em><br \/><em>Aujourd\u2019hui, tout le monde sait que notre pays est confront\u00e9 \u00e0 plusieurs probl\u00e8mes : ins\u00e9curit\u00e9, grogne sociale, paup\u00e9risation. Nous nous attendions \u00e0 voir nos s\u00e9niors sur ces terrains, en train d\u2019apporter leurs contributions \u00e0 la r\u00e9solution de ces difficult\u00e9s. Cela pouvait se faire par l\u2019organisation de cadres regroupant ces exp\u00e9riment\u00e9s qui feraient des propositions concr\u00e8tes pour en sortir. Nous avons, dans ce pays, d\u2019anciens et brillants hommes de tenue \u00e0 la retraite. Que ne pouvaient-ils pas proposer comme solutions pour enrayer l\u2019ins\u00e9curit\u00e9 que nous vivons ? Nous avons, dans ce pays, d\u2019anciens \u00e9conomistes eux aussi \u00e0 la retraite. Que ne pouvaient-ils pas faire avec le MINEFID pour r\u00e9soudre un tant soit peu la crise au sein de ce minist\u00e8re ? Nous avons, dans ce pays, d\u2019anciens agents de la sant\u00e9 et de l\u2019\u00e9ducation. Quelles d\u00e9marches n\u2019auraient-ils pas entreprises aupr\u00e8s des acteurs actuels et du gouvernement pour trouver des solutions ? Nous avons d\u2019anciens hommes politiques, syndicalistes terr\u00e9s dans leur coin pendant que le pays est en souffrance. Ne pourraient-ils pas apporter leurs contributions pour nous aider \u00e0 nous en sortir ?<\/em> <em>Au lieu de cela, ceux qui osent sortir la t\u00eate de l\u2019eau, restent tr\u00e8s maladroits. Nous assistons \u00e0 des confrontations inutiles, risibles, souvent cr\u00e9\u00e9es par des anciens qui nous font honte : Laurent Bado contre Tahirou ; Simon Compaor\u00e9 contre Bala Sakand\u00e9, L\u00e9once Kon\u00e9 contre Eddie Komb\u00efgo et j\u2019en passe. Dans ces diff\u00e9rents cas, ces a\u00een\u00e9s s\u2019offrent en spectacle face \u00e0 leurs concurrents ayant souvent l\u2019\u00e2ge de leurs enfants. Cela offre des occasions aux m\u00e9dias et \u00e0 la population qui se contentent de trouver de la mati\u00e8re. Ces doyens, au lieu de se porter en conseils dans leur domaine sp\u00e9cifique, sont plut\u00f4t pr\u00e9occup\u00e9s et rong\u00e9s par le mal de c\u00e9der leur place aux plus jeunes. Lorsque Laurent Bado a trait\u00e9 Tahirou Barry de tous les noms de mauvais augure, on a tous rican\u00e9 et \u00e9tions contents d\u2019\u00e9couter et de r\u00e9\u00e9couter le vieux. Mais que nous a-t-il appris de s\u00e9rieux. Rien ! Quand Simon Compaor\u00e9 s\u2019agrippe en tant que vice-pr\u00e9sident du MPP et r\u00eave d\u2019en devenir le pr\u00e9sident au lieu de c\u00e9der la place \u00e0 Bala Sakand\u00e9, le jeune pr\u00e9sident de l\u2019Assembl\u00e9e nationale, nous restons pantois. Quand L\u00e9once Kon\u00e9 \u00ab crache ses v\u00e9rit\u00e9s \u00bb selon la presse \u00e0 Eddie Kombo\u00efgo, nous avouons avoir honte. Le CDP, un vieux parti qui veut toujours \u00eatre g\u00e9r\u00e9 par ses fondateurs. Des sexag\u00e9naires qui n\u2019ont plus rien \u00e0 prouver, mais qui ont beaucoup \u00e0 donner \u00e0 la jeune g\u00e9n\u00e9ration. Quand ce vieux dit que M. Kombo\u00efgo n\u2019est pas pr\u00e9sidentiable, nous voudrions lui demander si on na\u00eet pr\u00e9sidentiable ou pr\u00e9sident. Georges Weah savait-il qu\u2019il serait pr\u00e9sident un jour ? Et Donald Trump ? Et Emmanuel Macron ? &#8230;.\u00a0<\/em> <em>Norbert Zongo nous rappelait chaque fois que la gestion d\u2019un pays est une question de g\u00e9n\u00e9ration. Actuellement, c\u2019est la n\u00f4tre. Et nous profitons pour f\u00e9liciter le pr\u00e9sident du Faso qui a vite compris la place qu\u2019il fallait accorder \u00e0 la jeunesse dans son gouvernement. Si la jeunesse n\u2019est pas responsabilis\u00e9e, comment voulez-vous qu\u2019elle soit exp\u00e9riment\u00e9e ? Surtout lorsque des a\u00een\u00e9s, malgr\u00e9 leur \u00e2ge et leurs probl\u00e8mes de sant\u00e9, veulent lui faire ombrage ?\u00a0<\/em> <em>Je demande donc \u00e0 ces papys incommodants, d\u2019apprendre \u00e0 se mettre en retrait, de contribuer \u00e0 rajeunir la classe politique et \u00e0 nous \u00e9pargner le ridicule.<\/em><br \/><em>Votre \u00e9poque de \u00ab\u00a0one man show\u00a0\u00bb est r\u00e9volue, il faut l\u2019accepter, c\u2019est la loi de la nature. A bon entendeur, salut\u00a0!<\/em><br \/><strong>Raogo Levi Sawadogo<\/strong><\/p>\n<p>Auteur: Le Pays<br \/>\n<a href=\"http:\/\/lepays.bf\/politique-au-burkina-papys-politiques-reposez-vous-dit-raogo-sawadogo\/\">Cliquez ici pour lire l&rsquo;article depuis sa source.<\/a><\/p>\n","protected":false},"excerpt":{"rendered":"<p>Dans la r\u00e9flexion ci-dessous, Raogo Levi Sawadogo dit \u00eatre outr\u00e9 par les conflits de g\u00e9n\u00e9ration auxquels se livrent les hommes politiques burkinab\u00e8. Tout en reconnaissant leur utilit\u00e9, il demande aux papys politiques de c\u00e9der la place aux jeunes et de se reposer. Lisez plut\u00f4t\u00a0! Avant tout, nous remercions le journal d\u2019avoir accept\u00e9 de publier ce [&hellip;]<\/p>\n","protected":false},"author":1813,"featured_media":32399,"comment_status":"closed","ping_status":"closed","sticky":false,"template":"","format":"standard","meta":{"fifu_image_url":"","fifu_image_alt":"","footnotes":""},"categories":[73,81],"tags":[],"class_list":["post-32398","post","type-post","status-publish","format-standard","has-post-thumbnail","hentry","category-actualite","category-burkina-faso"],"_links":{"self":[{"href":"https:\/\/linitiative.ca\/International\/wp-json\/wp\/v2\/posts\/32398","targetHints":{"allow":["GET"]}}],"collection":[{"href":"https:\/\/linitiative.ca\/International\/wp-json\/wp\/v2\/posts"}],"about":[{"href":"https:\/\/linitiative.ca\/International\/wp-json\/wp\/v2\/types\/post"}],"author":[{"embeddable":true,"href":"https:\/\/linitiative.ca\/International\/wp-json\/wp\/v2\/users\/1813"}],"replies":[{"embeddable":true,"href":"https:\/\/linitiative.ca\/International\/wp-json\/wp\/v2\/comments?post=32398"}],"version-history":[{"count":0,"href":"https:\/\/linitiative.ca\/International\/wp-json\/wp\/v2\/posts\/32398\/revisions"}],"wp:featuredmedia":[{"embeddable":true,"href":"https:\/\/linitiative.ca\/International\/wp-json\/"}],"wp:attachment":[{"href":"https:\/\/linitiative.ca\/International\/wp-json\/wp\/v2\/media?parent=32398"}],"wp:term":[{"taxonomy":"category","embeddable":true,"href":"https:\/\/linitiative.ca\/International\/wp-json\/wp\/v2\/categories?post=32398"},{"taxonomy":"post_tag","embeddable":true,"href":"https:\/\/linitiative.ca\/International\/wp-json\/wp\/v2\/tags?post=32398"}],"curies":[{"name":"wp","href":"https:\/\/api.w.org\/{rel}","templated":true}]}}